{"id":4368,"date":"2021-05-31T15:17:32","date_gmt":"2021-05-31T13:17:32","guid":{"rendered":"https:\/\/etcgalerie.cz\/?p=4368"},"modified":"2021-07-05T22:42:15","modified_gmt":"2021-07-05T20:42:15","slug":"tereza-darmovzalova-ve-svetle-rizenych-udalosti","status":"publish","type":"post","link":"https:\/\/etcgalerie.cz\/en\/tereza-darmovzalova-ve-svetle-rizenych-udalosti\/","title":{"rendered":"Tereza Darmovzalov\u00e1: In Light of Controlled Events"},"content":{"rendered":"<p><b>Tereza Darmovzalov\u00e1: In Light of Controlled Events<\/b><\/p>\n<p>06. 05. 2021 \u2013 30. 05. 2021<\/p>\n<p>curator: Mark\u00e9ta Jon\u00e1\u0161ov\u00e1<\/p>\n<p>In her exhibition at etc. gallery, audiovisual artist Tereza Darmovzalov\u00e1 presents her new wrok that invites us to search for links between plant growth, technological progress, and the culture of work under capitalism. A visual collage of images of unified grow rooms, decorative gardens, and visualisations of interior spaces are complemented by a dialogue between a worker at a vegetable-producing greenhouse and a botanical garden employee, in which both characters plan to effect radical change based on indiscernible changes. Although it seems that their plans aim at the future, familiar images from the present challenge this temporal horizon and uncover the features of a revolution we have become part of.<\/p>\n<p>&nbsp;<\/p>\n<p>Mon 15 Mar 2021 at 13:22 etc. galerie &lt;mail.etcgalerie@gmail.com&gt; wrote:<\/p>\n<p>Dear Tereza,<\/p>\n<p>When we were discussing the possible format for the text of your exhibition, we kept hoping the epidemiological situation would improve and we\u2019d be able to open the show at the end of March. It\u2019s mid-March, we\u2019ve postponed the exhibition, and we\u2019re still hoping it will open. I feel that out of all the possible formats, the genre of the email interview best describes our present situation and the conditions under which your exhibition was created. How did the ongoing pandemic and the related restrictions influence the work that will be displayed at the etc. gallery?<\/p>\n<p>P.S.: Do you think you\u2019ll want to edit the interview before it goes to print? I quite like the idea of printing the emails as they were first sent.<\/p>\n<p>Mark\u00e9ta<\/p>\n<p>&#8212;<\/p>\n<p>Kur\u00e1torka \/ Curator<\/p>\n<p>Etc. galerie<\/p>\n<p>Sarajevsk\u00e1 16, Praha 2<\/p>\n<p>Czech Republic<\/p>\n<p>&nbsp;<\/p>\n<p>Wed 17 Mar 2021 at 21:46 Tereza Darmovzalov\u00e1 &lt;tereza.darmovzalova@gmail.com&gt; wrote:<\/p>\n<p>Dear Mark\u00e9ta,<\/p>\n<p>Re: your ps: I agree with your proposal. We\u2019ll see where it takes us. It\u2019s a good idea and I\u2019ll keep it in mind as I think about my answers.<\/p>\n<p>First, I wanted to reply that planning anything these days is highly demotivating, but then I realised that\u2019s no longer how I see it. During the course of the year, I\u2019ve become accustomed to this state of uncertainty, even though I still don\u2019t know what it means. When I moved from Prague to Kop\u0159ivnice two years ago, the only thing I could think about after a while was that I was too far away from everyone and everything. But what began as a personal state unexpectedly became a pan-societal fact. We can illustrate this with our relationship:) This is our second collaboration yet we\u2019ve never met in person.<\/p>\n<p>During the course of these days, as I am finishing our video, I realise I couldn\u2019t have expected a more favourable time. Apartments have been transformed into greenhouses in which we try to endure these times in good mental and physical health. Some succeed and others do not, because the consequences of the government\u2019s decisions have brought them down to rock bottom. There are many emotions bubbling up inside us, trying to understand the restrictive measures as solutions but unable to overlook the fact that they are also tools for maintaining dysfunctional values. I think I really found myself in the situation I wanted to hint at in the video, i.e. under the influence of a specific micro-climate and various strategies of manipulation. You can see this very well in our current household, which is composed of three generations. Each of us has contributed their identity \/ their perspective, their problems. We spend time together, we argue, we become attuned to each other\u2019s habits, and we change these too. It is within this micro-climate that my new work is created \u2013 originally, I wanted it to illustrate the question of influence, but now, I am drawing on my personal experiences more than I had anticipated.<\/p>\n<p>As I finish writing this email, I\u2019m not sure whether your proposal won\u2019t end up making the brochure into a book. Sorry for the length and digression. I\u2019ll be more concise next time.<\/p>\n<p>T.<\/p>\n<p>&nbsp;<\/p>\n<p>Mon 22 Mar 2021 at 17:19 etc. galerie &lt;mail.etcgalerie@gmail.com&gt; wrote:<\/p>\n<p>I hadn\u2019t realised that we\u2019ve never met in person in all this time. During this past year, so many work processes were gradually transferred into the digital domain I no longer even notice what a change this makes in interpersonal (and interspecies) contact. In the interview between two people that runs through the video, one asks the other: \u201cDo you know what an atomic habit is?\u201d. I have to admit that I didn\u2019t, but as soon as I understood it means constant micro-improvements with the aim of increasing performance, capital, or production, I began understanding it as a key principle currently operating in many areas of our lives. How do you think about these atomic habits in relation to human labour and plant cultivation in your work?<\/p>\n<p>&nbsp;<\/p>\n<p>Mon 29 Mar 2021 at 13:02 Tereza Darmovzalov\u00e1 &lt;tereza.darmovzalova@gmail.com&gt; wrote:<\/p>\n<p>Atomic habits are currently very well defined tools for personal growth. The pandemic has highlighted our need to create a daily regime and this is one of the possibilities for achieving real and sustainable changes to our routine. I use this principle myself and it really works. But sure, no matter how you look at it, it is primarily a tool for increasing efficiency in various ways \u2013 fulfilling career goals, maintaining mental health, but also learning new skills. A key element of the atomic habit is establishing identity and understanding the habit as a path towards it. For me, it was important to realise at this point the kind of situation I am selecting this identity in and what factors influence it. And despite the fact that we are discussing a tool that puts you in the position of an active participant, it is passive with regards to the force that put you in this position. At the beginning of the concept of my video was an urge to explore the field of the micro-climate in its most saturated form, so I decided to continue my cultivation series and naturally moved on to greenhouses.<\/p>\n<p>Greenhouses, and by extension any cultivation taking place in a controlled microclimate, are a multi-layered theme that presents unexpected encounters between theories essentially influencing our present discourse.<\/p>\n<p>The historical development of greenhouses is primarily a story of changing functions that are still at work today. The first technological peak took place in the 19th century, when they became representational showcases of colonial success \u2013 colonialism, after all, is still defended primarily in terms of science and education. The current produce greenhouses owned by technological corporations are, once again, the technological peak of their age, styling themselves as saviours of the planet, representing the only possible solution to the food crisis. It remains a fact that greenhouses stood, emblematically, at the beginning of the industrial revolution, which transformed not only our work and life habits but also the very climate of the planet, upon which traditional agriculture can no longer rely \u2013 so total control is needed that gives you a regional tomato all year-round.<\/p>\n<p>The result of this mapping is a schizophrenic state. Someone is manipulating you for their own goals, but they\u2019ll never tell you the truth. That\u2019s why I decided my video wouldn\u2019t be an illustration, speaking instead about the necessity of realising one\u2019s own position\/identity.<\/p>\n<p>I consider this a crucial liberating moment that stands at the beginning of a targeted transformation. The video\u2019s protagonists speak of atomic habits and the power of connection because this could be a path to sustainable changes.<\/p>\n<p>&#8230;.<\/p>\n<p>My video is about nothing other than the strategy used by the system of which they are a part, and which the characters surreptitiously and gradually turn against itself.<\/p>\n<p>t.<\/p>\n<p>ps. now I see we\u2019re missing a more continuous introduction to the schizophrenic state, but maybe I\u2019ll explain that some other way somewhere else.<\/p>\n<p>&nbsp;<\/p>\n<p>Wed 31 Mar 2021 at 17:19 etc. galerie &lt;mail.etcgalerie@gmail.com&gt; wrote:<\/p>\n<p>Thank you very much for your detailed answer, I\u2019m glad you summarised the central themes of the video from your perspective. The fact that you do not use these themes illustratively, without trying to lecture the spectators, instead offering a space to realise one\u2019s own position, represents a very strong strategy for me. Can you imagine developing these themes in a medium other than the moving image? How important is working with the installation for you?<\/p>\n<p>&nbsp;<\/p>\n<p>Tue 6th Apr 2021 at 13:27 Tereza Darmovzalov\u00e1 &lt;tereza.darmovzalova@gmail.com&gt; wrote:<\/p>\n<p>Thanks for that observation. Personally, I think I\u2019m still not quite successful in this. But the ambition is there. Thanks to my studies at the academy and a certain personal motivation \u2013 which seems to stem from my upbringing \u2013 I am sometimes more interested in socio-political texts than in the artworks themselves, as they help me describe certain perceptions with some emotional distance\u2026 and I am also soothed by their factual nature. What I am trying to describe to you is a complex experience, perhaps a perspective of something that isn\u2019t always sufficiently described by authorial shorthand, something you need more time and tools to process. Although I thought I would be a photographer, I now have to search for the path to photography by force, because it\u2019s not enough for me as a storytelling tool.<\/p>\n<p>However, the moving image never stands at the beginning of my working process \u2013 it forces itself upon me during the course of it. And then there\u2019s no other way around it. That\u2019s the paradox. So the reason I work with the moving image is that I know no other way, and because it is a means that carries within it much more than the image itself. It is its source, format, presentation, installation. All this carries important information that is, to an extent, legible to an uninformed spectator. In my video for etc., I used the principle of montage, which, among other things, connects various types of images. These are the result of processual work and an understanding of the image as a specific identity, which can be both personal and corporate. Thanks to Petr Bure\u0161\u2019s architecture, we managed to create a gently immersive space that does not dominate the space and yet proves to be unexpected when one realises it. Just like the formative force of the video\u2019s protagonists.<\/p>\n<p>T.<\/p>\n<p>&nbsp;<\/p>\n<p>Wed 7 Apr 2021 17:44 etc. galerie &lt;mail.etcgalerie@gmail.com&gt; wrote:<\/p>\n<p>I hope we really manage to finish the installation following Petr\u2019s design so that it supports the effect of your work, and that we\u2019ll be able to discuss it in person, here in the gallery, together with other visitors. Tomorrow is the deadline for sending this text off to be translated, so I think it\u2019ll be best if we wrap this up, unless you want to mention anything else that\u2019s important? And as for the copy editing, would you agree to only correcting typos?<\/p>\n<p>Tereza Darmovzalov\u00e1<\/p>\n<p>18:23 (8 minutes ago)<\/p>\n<p>to: me<\/p>\n<p>Yeah. I agree. Typos and grammatical errors:) I can\u2019t think of anything massively important and I don\u2019t want to predict too much. So send it off. Thanks! T.<\/p>\n<p>&nbsp;<\/p>\n<p><b>Tereza Darmovzalov\u00e1<\/b> (*1990) is finishing her Master\u2019s studies at the Academy of Fine Arts in Prague (Studio of Intermedia Work III). She has completed a scholarship at the Royal Danish Academy of Fine Arts and a course at the Salzburg International Summer Art Academy. She has showcased her films at the Jelen\u00ed Gallery, PAF Olomouc, and on the website of Artycok.TV. In her work, she deploys photography, installation, and moving image. Her artistic strategy is anchored in the conceptual exploration of current social phenomena and their impact on our everyday reality.<\/p>\n<p>&nbsp;<\/p>\n<p>TRANSLATION: IAN MIKYSKA<\/p>\n<p>DESIGN: NELA KLI\u0301MOVA\u0301<\/p>\n<p>IT: OND\u0158EJ ROZTO\u010cIL<\/p>\n<p>PARTNERS: AKADEMIE V\u00ddTVARN\u00ddCH UM\u011aN\u00cd V PRAZE, ACADEMY OF FINE ARTS IN PRAGUE<\/p>\n<p>SPECIAL THANKS TO: ANNA DAVIDOV\u00c1, TOM\u00c1\u0160 KAJ\u00c1NEK, MICHAL JURZA, MAX M\u00c1SLO, JAMES MANSFIELD<\/p>\n<p><ul class=\"bxslider\" ><li><div class='slide-wrapper'>\n<img src='https:\/\/etcgalerie.cz\/wp-content\/uploads\/2021\/05\/Etc_Tereza_Darmovzalova_Ve_Svetle_Rizenych_udalosti_ph_Jan_Kolsky_10-934x667.jpg' data-interchange=\" [https:\/\/etcgalerie.cz\/wp-content\/uploads\/2021\/05\/Etc_Tereza_Darmovzalova_Ve_Svetle_Rizenych_udalosti_ph_Jan_Kolsky_10-450x300.jpg, (default)], [https:\/\/etcgalerie.cz\/wp-content\/uploads\/2021\/05\/Etc_Tereza_Darmovzalova_Ve_Svetle_Rizenych_udalosti_ph_Jan_Kolsky_10-934x667.jpg, (large)] \"  \/>\n<\/div><\/li>\n<li><div class='slide-wrapper'>\n<img src='https:\/\/etcgalerie.cz\/wp-content\/uploads\/2021\/05\/Etc_Tereza_Darmovzalova_Ve_Svetle_Rizenych_udalosti_ph_Jan_Kolsky_12-1000x667.jpg' data-interchange=\" [https:\/\/etcgalerie.cz\/wp-content\/uploads\/2021\/05\/Etc_Tereza_Darmovzalova_Ve_Svetle_Rizenych_udalosti_ph_Jan_Kolsky_12-450x300.jpg, (default)], [https:\/\/etcgalerie.cz\/wp-content\/uploads\/2021\/05\/Etc_Tereza_Darmovzalova_Ve_Svetle_Rizenych_udalosti_ph_Jan_Kolsky_12-1000x667.jpg, (large)] \"  \/>\n<\/div><\/li>\n<li><div class='slide-wrapper'>\n<img src='https:\/\/etcgalerie.cz\/wp-content\/uploads\/2021\/05\/Etc_Tereza_Darmovzalova_Ve_Svetle_Rizenych_udalosti_ph_Jan_Kolsky_09-445x667.jpg' data-interchange=\" [https:\/\/etcgalerie.cz\/wp-content\/uploads\/2021\/05\/Etc_Tereza_Darmovzalova_Ve_Svetle_Rizenych_udalosti_ph_Jan_Kolsky_09-450x300.jpg, (default)], [https:\/\/etcgalerie.cz\/wp-content\/uploads\/2021\/05\/Etc_Tereza_Darmovzalova_Ve_Svetle_Rizenych_udalosti_ph_Jan_Kolsky_09-445x667.jpg, (large)] \"  \/>\n<\/div><\/li>\n<li><div class='slide-wrapper'>\n<img src='https:\/\/etcgalerie.cz\/wp-content\/uploads\/2021\/05\/Etc_Tereza_Darmovzalova_Ve_Svetle_Rizenych_udalosti_ph_Jan_Kolsky_08-534x667.jpg' data-interchange=\" [https:\/\/etcgalerie.cz\/wp-content\/uploads\/2021\/05\/Etc_Tereza_Darmovzalova_Ve_Svetle_Rizenych_udalosti_ph_Jan_Kolsky_08-450x300.jpg, (default)], [https:\/\/etcgalerie.cz\/wp-content\/uploads\/2021\/05\/Etc_Tereza_Darmovzalova_Ve_Svetle_Rizenych_udalosti_ph_Jan_Kolsky_08-534x667.jpg, (large)] \"  \/>\n<\/div><\/li>\n<li><div class='slide-wrapper'>\n<img src='https:\/\/etcgalerie.cz\/wp-content\/uploads\/2021\/05\/Etc_Tereza_Darmovzalova_Ve_Svetle_Rizenych_udalosti_ph_Jan_Kolsky_07-1000x667.jpg' data-interchange=\" [https:\/\/etcgalerie.cz\/wp-content\/uploads\/2021\/05\/Etc_Tereza_Darmovzalova_Ve_Svetle_Rizenych_udalosti_ph_Jan_Kolsky_07-450x300.jpg, (default)], [https:\/\/etcgalerie.cz\/wp-content\/uploads\/2021\/05\/Etc_Tereza_Darmovzalova_Ve_Svetle_Rizenych_udalosti_ph_Jan_Kolsky_07-1000x667.jpg, (large)] \"  \/>\n<\/div><\/li>\n<li><div class='slide-wrapper'>\n<img src='https:\/\/etcgalerie.cz\/wp-content\/uploads\/2021\/05\/Etc_Tereza_Darmovzalova_Ve_Svetle_Rizenych_udalosti_ph_Jan_Kolsky_06-445x667.jpg' data-interchange=\" [https:\/\/etcgalerie.cz\/wp-content\/uploads\/2021\/05\/Etc_Tereza_Darmovzalova_Ve_Svetle_Rizenych_udalosti_ph_Jan_Kolsky_06-450x300.jpg, (default)], [https:\/\/etcgalerie.cz\/wp-content\/uploads\/2021\/05\/Etc_Tereza_Darmovzalova_Ve_Svetle_Rizenych_udalosti_ph_Jan_Kolsky_06-445x667.jpg, (large)] \"  \/>\n<\/div><\/li>\n<li><div class='slide-wrapper'>\n<img src='https:\/\/etcgalerie.cz\/wp-content\/uploads\/2021\/05\/Etc_Tereza_Darmovzalova_Ve_Svetle_Rizenych_udalosti_ph_Jan_Kolsky_05-445x667.jpg' data-interchange=\" [https:\/\/etcgalerie.cz\/wp-content\/uploads\/2021\/05\/Etc_Tereza_Darmovzalova_Ve_Svetle_Rizenych_udalosti_ph_Jan_Kolsky_05-450x300.jpg, (default)], [https:\/\/etcgalerie.cz\/wp-content\/uploads\/2021\/05\/Etc_Tereza_Darmovzalova_Ve_Svetle_Rizenych_udalosti_ph_Jan_Kolsky_05-445x667.jpg, (large)] \"  \/>\n<\/div><\/li>\n<li><div class='slide-wrapper'>\n<img src='https:\/\/etcgalerie.cz\/wp-content\/uploads\/2021\/05\/Etc_Tereza_Darmovzalova_Ve_Svetle_Rizenych_udalosti_ph_Jan_Kolsky_01-934x667.jpg' data-interchange=\" [https:\/\/etcgalerie.cz\/wp-content\/uploads\/2021\/05\/Etc_Tereza_Darmovzalova_Ve_Svetle_Rizenych_udalosti_ph_Jan_Kolsky_01-450x300.jpg, (default)], [https:\/\/etcgalerie.cz\/wp-content\/uploads\/2021\/05\/Etc_Tereza_Darmovzalova_Ve_Svetle_Rizenych_udalosti_ph_Jan_Kolsky_01-934x667.jpg, (large)] \"  \/>\n<\/div><\/li>\n<li><div class='slide-wrapper'>\n<img src='https:\/\/etcgalerie.cz\/wp-content\/uploads\/2021\/05\/Etc_Tereza_Darmovzalova_Ve_Svetle_Rizenych_udalosti_ph_Jan_Kolsky_04-934x667.jpg' data-interchange=\" [https:\/\/etcgalerie.cz\/wp-content\/uploads\/2021\/05\/Etc_Tereza_Darmovzalova_Ve_Svetle_Rizenych_udalosti_ph_Jan_Kolsky_04-450x300.jpg, (default)], [https:\/\/etcgalerie.cz\/wp-content\/uploads\/2021\/05\/Etc_Tereza_Darmovzalova_Ve_Svetle_Rizenych_udalosti_ph_Jan_Kolsky_04-934x667.jpg, (large)] \"  \/>\n<\/div><\/li>\n<li><div class='slide-wrapper'>\n<img src='https:\/\/etcgalerie.cz\/wp-content\/uploads\/2021\/05\/Etc_Tereza_Darmovzalova_Ve_Svetle_Rizenych_udalosti_ph_Jan_Kolsky_02-934x667.jpg' data-interchange=\" [https:\/\/etcgalerie.cz\/wp-content\/uploads\/2021\/05\/Etc_Tereza_Darmovzalova_Ve_Svetle_Rizenych_udalosti_ph_Jan_Kolsky_02-450x300.jpg, (default)], [https:\/\/etcgalerie.cz\/wp-content\/uploads\/2021\/05\/Etc_Tereza_Darmovzalova_Ve_Svetle_Rizenych_udalosti_ph_Jan_Kolsky_02-934x667.jpg, (large)] \"  \/>\n<\/div><\/li>\n<\/ul>\n<\/p>","protected":false},"excerpt":{"rendered":"<p>Tereza Darmovzalov\u00e1: In Light of Controlled Events 06. 05. 2021 \u2013 30. 05. 2021 curator: Mark\u00e9ta Jon\u00e1\u0161ov\u00e1 In her exhibition at etc. gallery, audiovisual artist Tereza Darmovzalov\u00e1 presents her new wrok that invites us to search for links between plant growth, technological progress, and the culture of work under capitalism. A visual collage of images [&hellip;]<\/p>\n","protected":false},"author":2,"featured_media":0,"comment_status":"open","ping_status":"open","sticky":false,"template":"","format":"standard","meta":{"footnotes":""},"categories":[1],"tags":[],"class_list":["post-4368","post","type-post","status-publish","format-standard","hentry","category-archive"],"_links":{"self":[{"href":"https:\/\/etcgalerie.cz\/en\/wp-json\/wp\/v2\/posts\/4368","targetHints":{"allow":["GET"]}}],"collection":[{"href":"https:\/\/etcgalerie.cz\/en\/wp-json\/wp\/v2\/posts"}],"about":[{"href":"https:\/\/etcgalerie.cz\/en\/wp-json\/wp\/v2\/types\/post"}],"author":[{"embeddable":true,"href":"https:\/\/etcgalerie.cz\/en\/wp-json\/wp\/v2\/users\/2"}],"replies":[{"embeddable":true,"href":"https:\/\/etcgalerie.cz\/en\/wp-json\/wp\/v2\/comments?post=4368"}],"version-history":[{"count":36,"href":"https:\/\/etcgalerie.cz\/en\/wp-json\/wp\/v2\/posts\/4368\/revisions"}],"predecessor-version":[{"id":4397,"href":"https:\/\/etcgalerie.cz\/en\/wp-json\/wp\/v2\/posts\/4368\/revisions\/4397"}],"wp:attachment":[{"href":"https:\/\/etcgalerie.cz\/en\/wp-json\/wp\/v2\/media?parent=4368"}],"wp:term":[{"taxonomy":"category","embeddable":true,"href":"https:\/\/etcgalerie.cz\/en\/wp-json\/wp\/v2\/categories?post=4368"},{"taxonomy":"post_tag","embeddable":true,"href":"https:\/\/etcgalerie.cz\/en\/wp-json\/wp\/v2\/tags?post=4368"}],"curies":[{"name":"wp","href":"https:\/\/api.w.org\/{rel}","templated":true}]}}