{"id":3822,"date":"2020-06-12T19:36:02","date_gmt":"2020-06-12T17:36:02","guid":{"rendered":"https:\/\/etcgalerie.cz\/?p=3822"},"modified":"2020-07-13T21:10:52","modified_gmt":"2020-07-13T19:10:52","slug":"spolecny-vylet","status":"publish","type":"post","link":"https:\/\/etcgalerie.cz\/en\/spolecny-vylet\/","title":{"rendered":"Excursion to \u00dast\u00ed nad Labem in collaboration with Hrani\u010d\u00e1\u0159 Gallery"},"content":{"rendered":"<p><ul class=\"bxslider\" ><li><div class='slide-wrapper'>\n<img src='https:\/\/etcgalerie.cz\/wp-content\/uploads\/2020\/06\/IMG_4737-889x667.jpg' data-interchange=\" [https:\/\/etcgalerie.cz\/wp-content\/uploads\/2020\/06\/IMG_4737-450x300.jpg, (default)], [https:\/\/etcgalerie.cz\/wp-content\/uploads\/2020\/06\/IMG_4737-889x667.jpg, (large)] \"  \/>\n<\/div><\/li>\n<li><div class='slide-wrapper'>\n<img src='https:\/\/etcgalerie.cz\/wp-content\/uploads\/2020\/06\/IMG_4734-889x667.jpg' data-interchange=\" [https:\/\/etcgalerie.cz\/wp-content\/uploads\/2020\/06\/IMG_4734-450x300.jpg, (default)], [https:\/\/etcgalerie.cz\/wp-content\/uploads\/2020\/06\/IMG_4734-889x667.jpg, (large)] \"  \/>\n<\/div><\/li>\n<li><div class='slide-wrapper'>\n<img src='https:\/\/etcgalerie.cz\/wp-content\/uploads\/2020\/06\/IMG_4731-889x667.jpg' data-interchange=\" [https:\/\/etcgalerie.cz\/wp-content\/uploads\/2020\/06\/IMG_4731-450x300.jpg, (default)], [https:\/\/etcgalerie.cz\/wp-content\/uploads\/2020\/06\/IMG_4731-889x667.jpg, (large)] \"  \/>\n<\/div><\/li>\n<li><div class='slide-wrapper'>\n<img src='https:\/\/etcgalerie.cz\/wp-content\/uploads\/2020\/06\/IMG_4726-889x667.jpg' data-interchange=\" [https:\/\/etcgalerie.cz\/wp-content\/uploads\/2020\/06\/IMG_4726-450x300.jpg, (default)], [https:\/\/etcgalerie.cz\/wp-content\/uploads\/2020\/06\/IMG_4726-889x667.jpg, (large)] \"  \/>\n<\/div><\/li>\n<li><div class='slide-wrapper'>\n<img src='https:\/\/etcgalerie.cz\/wp-content\/uploads\/2020\/06\/IMG_4743-889x667.jpg' data-interchange=\" [https:\/\/etcgalerie.cz\/wp-content\/uploads\/2020\/06\/IMG_4743-450x300.jpg, (default)], [https:\/\/etcgalerie.cz\/wp-content\/uploads\/2020\/06\/IMG_4743-889x667.jpg, (large)] \"  \/>\n<\/div><\/li>\n<li><div class='slide-wrapper'>\n<img src='https:\/\/etcgalerie.cz\/wp-content\/uploads\/2020\/06\/IMG_4722-889x667.jpg' data-interchange=\" [https:\/\/etcgalerie.cz\/wp-content\/uploads\/2020\/06\/IMG_4722-450x300.jpg, (default)], [https:\/\/etcgalerie.cz\/wp-content\/uploads\/2020\/06\/IMG_4722-889x667.jpg, (large)] \"  \/>\n<\/div><\/li>\n<li><div class='slide-wrapper'>\n<img src='https:\/\/etcgalerie.cz\/wp-content\/uploads\/2020\/06\/IMG_4711-889x667.jpeg' data-interchange=\" [https:\/\/etcgalerie.cz\/wp-content\/uploads\/2020\/06\/IMG_4711-450x300.jpeg, (default)], [https:\/\/etcgalerie.cz\/wp-content\/uploads\/2020\/06\/IMG_4711-889x667.jpeg, (large)] \"  \/>\n<\/div><\/li>\n<\/ul>\n<\/p>\n<p>As part of the second chapter of the series Imagined Community called <em>Sharing the Landscape<\/em>, we went on an excursion to \u00dast\u00ed nad Labem and to the lake Milada, organized in collaboration with the Hrani\u010d\u00e1\u0159 Gallery. The curators Anna Reme\u0161ov\u00e1 and Martina Johnov\u00e1 presented the exhibition <em>Last day of Creation<\/em> that takes place in the Hrani\u010d\u00e1\u0159 and Diana Holcov\u00e1 talked about the lake and recultivation in the areas of former brown coal mines.<\/p>","protected":false},"excerpt":{"rendered":"<p>As part of the second chapter of the series Imagined Community called Sharing the Landscape, we went on an excursion to \u00dast\u00ed nad Labem and to the lake Milada, organized in collaboration with the Hrani\u010d\u00e1\u0159 Gallery. The curators Anna Reme\u0161ov\u00e1 and Martina Johnov\u00e1 presented the exhibition Last day of Creation that takes place in the [&hellip;]<\/p>\n","protected":false},"author":6,"featured_media":0,"comment_status":"open","ping_status":"open","sticky":false,"template":"","format":"standard","meta":{"footnotes":""},"categories":[1],"tags":[],"class_list":["post-3822","post","type-post","status-publish","format-standard","hentry","category-archive"],"_links":{"self":[{"href":"https:\/\/etcgalerie.cz\/en\/wp-json\/wp\/v2\/posts\/3822","targetHints":{"allow":["GET"]}}],"collection":[{"href":"https:\/\/etcgalerie.cz\/en\/wp-json\/wp\/v2\/posts"}],"about":[{"href":"https:\/\/etcgalerie.cz\/en\/wp-json\/wp\/v2\/types\/post"}],"author":[{"embeddable":true,"href":"https:\/\/etcgalerie.cz\/en\/wp-json\/wp\/v2\/users\/6"}],"replies":[{"embeddable":true,"href":"https:\/\/etcgalerie.cz\/en\/wp-json\/wp\/v2\/comments?post=3822"}],"version-history":[{"count":7,"href":"https:\/\/etcgalerie.cz\/en\/wp-json\/wp\/v2\/posts\/3822\/revisions"}],"predecessor-version":[{"id":3967,"href":"https:\/\/etcgalerie.cz\/en\/wp-json\/wp\/v2\/posts\/3822\/revisions\/3967"}],"wp:attachment":[{"href":"https:\/\/etcgalerie.cz\/en\/wp-json\/wp\/v2\/media?parent=3822"}],"wp:term":[{"taxonomy":"category","embeddable":true,"href":"https:\/\/etcgalerie.cz\/en\/wp-json\/wp\/v2\/categories?post=3822"},{"taxonomy":"post_tag","embeddable":true,"href":"https:\/\/etcgalerie.cz\/en\/wp-json\/wp\/v2\/tags?post=3822"}],"curies":[{"name":"wp","href":"https:\/\/api.w.org\/{rel}","templated":true}]}}