{"id":6674,"date":"2026-02-25T16:26:03","date_gmt":"2026-02-25T15:26:03","guid":{"rendered":"https:\/\/etcgalerie.cz\/?p=6674"},"modified":"2026-04-16T12:35:48","modified_gmt":"2026-04-16T10:35:48","slug":"solova-vystava-anny-cernikove","status":"publish","type":"post","link":"https:\/\/etcgalerie.cz\/cs\/solova-vystava-anny-cernikove\/","title":{"rendered":"Anna \u010cern\u00edkov\u00e1: Covered in Grease, Still Running"},"content":{"rendered":"<p><img decoding=\"async\" class=\"alignnone\" src=\"https:\/\/etcgalerie.cz\/wp-content\/uploads\/2026\/02\/small_WhatsApp-Image-2026-04-13-at-14.54.47.jpeg\" \/><\/p>\n<p><span style=\"font-weight: 400;\">Prvn\u00ed s\u00f3lov\u00e1 v\u00fdstava um\u011blkyn\u011b Anny \u010cern\u00edkov\u00e9<\/span> <i><span style=\"font-weight: 400;\">Covered in Grease, Still Running <\/span><\/i><span style=\"font-weight: 400;\">rozv\u00edj\u00ed p\u0159edstavu t\u011bla jako stroje, kter\u00fd lze opravovat, ladit a p\u0159episovat. Nov\u00e1 audiovizu\u00e1ln\u00ed d\u00edla pracuj\u00ed s motivy r\u016fznorod\u00e9 pr\u00e1ce a \u00fadr\u017eby, je\u017e se prom\u011b\u0148uj\u00ed v metaforu snahy opravit nejen v\u011bci, ale i sou\u010dasnost a vlastn\u00ed identitu. Postavy udr\u017euj\u00edc\u00ed mechanick\u00e9 i digit\u00e1ln\u00ed syst\u00e9my odhaluj\u00ed cykli\u010dnost a neukon\u010ditelnost t\u011bchto proces\u016f, zat\u00edmco v repetitivn\u00ed \u010dinnosti se otev\u00edr\u00e1 prostor pro sn\u011bn\u00ed. Smy\u010dka se st\u00e1v\u00e1 z\u00e1kladn\u00ed strukturou zku\u0161enosti, v n\u00ed\u017e se rozpl\u00fdv\u00e1 hranice mezi t\u011blem, n\u00e1strojem a obrazem, a otev\u00edr\u00e1 ot\u00e1zku, zda lze realitu a identitu skute\u010dn\u011b opravit, nebo je pouze udr\u017eujeme v chodu. \u00dadr\u017eba se tak nejev\u00ed jen jako nutnost, ale i jako symptom syst\u00e9mu, kter\u00fd produkuje vlastn\u00ed poruchy.<\/span><\/p>\n<p>Vernis\u00e1\u017e: 13. 5. 2026, 18:00<\/p>\n<p>V\u00fdstava: 14. 5. \u2013 27. 6. 2026<\/p>\n<p>Kur\u00e1torka: Nela Klajbanov\u00e1<\/p>\n<p>Projekt je uskute\u010dn\u011bn za podpory Hlavn\u00edho m\u011bsta Prahy, Prahy 2 a Ministerstva kultury \u010cesk\u00e9 republiky.<\/p>","protected":false},"excerpt":{"rendered":"<p>Prvn\u00ed s\u00f3lov\u00e1 v\u00fdstava um\u011blkyn\u011b Anny \u010cern\u00edkov\u00e9 Covered in Grease, Still Running rozv\u00edj\u00ed p\u0159edstavu t\u011bla jako stroje, kter\u00fd lze opravovat, ladit a p\u0159episovat. Nov\u00e1 audiovizu\u00e1ln\u00ed d\u00edla pracuj\u00ed s motivy r\u016fznorod\u00e9 pr\u00e1ce a \u00fadr\u017eby, je\u017e se prom\u011b\u0148uj\u00ed v metaforu snahy opravit nejen v\u011bci, ale i sou\u010dasnost a vlastn\u00ed identitu. Postavy udr\u017euj\u00edc\u00ed mechanick\u00e9 i digit\u00e1ln\u00ed syst\u00e9my odhaluj\u00ed cykli\u010dnost [&hellip;]<\/p>\n","protected":false},"author":6,"featured_media":0,"comment_status":"closed","ping_status":"closed","sticky":false,"template":"","format":"standard","meta":{"footnotes":""},"categories":[1,4],"tags":[],"class_list":["post-6674","post","type-post","status-publish","format-standard","hentry","category-archive","category-forthcoming"],"_links":{"self":[{"href":"https:\/\/etcgalerie.cz\/cs\/wp-json\/wp\/v2\/posts\/6674","targetHints":{"allow":["GET"]}}],"collection":[{"href":"https:\/\/etcgalerie.cz\/cs\/wp-json\/wp\/v2\/posts"}],"about":[{"href":"https:\/\/etcgalerie.cz\/cs\/wp-json\/wp\/v2\/types\/post"}],"author":[{"embeddable":true,"href":"https:\/\/etcgalerie.cz\/cs\/wp-json\/wp\/v2\/users\/6"}],"replies":[{"embeddable":true,"href":"https:\/\/etcgalerie.cz\/cs\/wp-json\/wp\/v2\/comments?post=6674"}],"version-history":[{"count":5,"href":"https:\/\/etcgalerie.cz\/cs\/wp-json\/wp\/v2\/posts\/6674\/revisions"}],"predecessor-version":[{"id":6693,"href":"https:\/\/etcgalerie.cz\/cs\/wp-json\/wp\/v2\/posts\/6674\/revisions\/6693"}],"wp:attachment":[{"href":"https:\/\/etcgalerie.cz\/cs\/wp-json\/wp\/v2\/media?parent=6674"}],"wp:term":[{"taxonomy":"category","embeddable":true,"href":"https:\/\/etcgalerie.cz\/cs\/wp-json\/wp\/v2\/categories?post=6674"},{"taxonomy":"post_tag","embeddable":true,"href":"https:\/\/etcgalerie.cz\/cs\/wp-json\/wp\/v2\/tags?post=6674"}],"curies":[{"name":"wp","href":"https:\/\/api.w.org\/{rel}","templated":true}]}}