{"id":492,"date":"2012-05-26T09:02:30","date_gmt":"2012-05-26T09:02:30","guid":{"rendered":"http:\/\/etcgalerie.cz\/?p=492"},"modified":"2015-01-15T02:47:25","modified_gmt":"2015-01-15T02:47:25","slug":"3152012-mark-ther-villa","status":"publish","type":"post","link":"https:\/\/etcgalerie.cz\/cs\/3152012-mark-ther-villa\/","title":{"rendered":"Mark Ther \/ Villa?"},"content":{"rendered":"<p>&nbsp;<\/p>\n<ul class=\"bxslider\" ><li><div class='slide-wrapper'>\n<img src='https:\/\/etcgalerie.cz\/wp-content\/uploads\/2012\/05\/2012_MARK_THER_VILLA_001-1000x552.jpg' data-interchange=\" [https:\/\/etcgalerie.cz\/wp-content\/uploads\/2012\/05\/2012_MARK_THER_VILLA_001-450x300.jpg, (default)], [https:\/\/etcgalerie.cz\/wp-content\/uploads\/2012\/05\/2012_MARK_THER_VILLA_001-1000x552.jpg, (large)] \"  \/>\n<\/div><\/li>\n<li><div class='slide-wrapper'>\n<img src='https:\/\/etcgalerie.cz\/wp-content\/uploads\/2012\/05\/2012_MARK_THER_VILLA_002-1000x552.jpg' data-interchange=\" [https:\/\/etcgalerie.cz\/wp-content\/uploads\/2012\/05\/2012_MARK_THER_VILLA_002-450x300.jpg, (default)], [https:\/\/etcgalerie.cz\/wp-content\/uploads\/2012\/05\/2012_MARK_THER_VILLA_002-1000x552.jpg, (large)] \"  \/>\n<\/div><\/li>\n<li><div class='slide-wrapper'>\n<img src='https:\/\/etcgalerie.cz\/wp-content\/uploads\/2012\/05\/2012_MARK_THER_VILLA_003-1000x552.jpg' data-interchange=\" [https:\/\/etcgalerie.cz\/wp-content\/uploads\/2012\/05\/2012_MARK_THER_VILLA_003-450x300.jpg, (default)], [https:\/\/etcgalerie.cz\/wp-content\/uploads\/2012\/05\/2012_MARK_THER_VILLA_003-1000x552.jpg, (large)] \"  \/>\n<\/div><\/li>\n<li><div class='slide-wrapper'>\n<img src='https:\/\/etcgalerie.cz\/wp-content\/uploads\/2012\/05\/2012_MARK_THER_VILLA_004-889x667.jpg' data-interchange=\" [https:\/\/etcgalerie.cz\/wp-content\/uploads\/2012\/05\/2012_MARK_THER_VILLA_004-450x300.jpg, (default)], [https:\/\/etcgalerie.cz\/wp-content\/uploads\/2012\/05\/2012_MARK_THER_VILLA_004-889x667.jpg, (large)] \"  \/>\n<\/div><\/li>\n<\/ul>\n\n<p>Video Marka Thera\u00a0<em>Villa?<\/em>\u00a0otev\u00edr\u00e1 n\u011bkolik kl\u00ed\u010dov\u00fdch motiv\u016f, kter\u00fdmi se autor posledn\u00ed dobou soustavn\u011b zab\u00fdv\u00e1.\u00a0Na pozad\u00ed estetiky prvorepublikov\u00e9 vily tematizuje homosexualitu, rodinnou historii a trauma Sudet.\u00a0Rozost\u0159en\u00e9 dlouh\u00e9 a vizu\u00e1ln\u011b siln\u00e9 z\u00e1b\u011bry m\u00edst a postav bez dialog\u016f\u00a0v interi\u00e9rech vily navozuj\u00ed skli\u010duj\u00edc\u00ed pocit p\u0159\u00edzra\u010dnosti cel\u00e9ho p\u0159\u00edb\u011bhu.<\/p>\n<div><\/div>\n<div>Mark Ther<\/div>\n<div>Villa?, 12&#8217;05\u00a8, 2010<\/div>\n<p><\/p>","protected":false},"excerpt":{"rendered":"<p>&nbsp; Video Marka Thera\u00a0Villa?\u00a0otev\u00edr\u00e1 n\u011bkolik kl\u00ed\u010dov\u00fdch motiv\u016f, kter\u00fdmi se autor posledn\u00ed dobou soustavn\u011b zab\u00fdv\u00e1.\u00a0Na pozad\u00ed estetiky prvorepublikov\u00e9 vily tematizuje homosexualitu, rodinnou historii a trauma Sudet.\u00a0Rozost\u0159en\u00e9 dlouh\u00e9 a vizu\u00e1ln\u011b siln\u00e9 z\u00e1b\u011bry m\u00edst a postav bez dialog\u016f\u00a0v interi\u00e9rech vily navozuj\u00ed skli\u010duj\u00edc\u00ed pocit p\u0159\u00edzra\u010dnosti cel\u00e9ho p\u0159\u00edb\u011bhu. Mark Ther Villa?, 12&#8217;05\u00a8, 2010<\/p>\n","protected":false},"author":3,"featured_media":0,"comment_status":"open","ping_status":"open","sticky":false,"template":"","format":"standard","meta":{"footnotes":""},"categories":[1],"tags":[],"class_list":["post-492","post","type-post","status-publish","format-standard","hentry","category-archive"],"_links":{"self":[{"href":"https:\/\/etcgalerie.cz\/cs\/wp-json\/wp\/v2\/posts\/492","targetHints":{"allow":["GET"]}}],"collection":[{"href":"https:\/\/etcgalerie.cz\/cs\/wp-json\/wp\/v2\/posts"}],"about":[{"href":"https:\/\/etcgalerie.cz\/cs\/wp-json\/wp\/v2\/types\/post"}],"author":[{"embeddable":true,"href":"https:\/\/etcgalerie.cz\/cs\/wp-json\/wp\/v2\/users\/3"}],"replies":[{"embeddable":true,"href":"https:\/\/etcgalerie.cz\/cs\/wp-json\/wp\/v2\/comments?post=492"}],"version-history":[{"count":4,"href":"https:\/\/etcgalerie.cz\/cs\/wp-json\/wp\/v2\/posts\/492\/revisions"}],"predecessor-version":[{"id":1597,"href":"https:\/\/etcgalerie.cz\/cs\/wp-json\/wp\/v2\/posts\/492\/revisions\/1597"}],"wp:attachment":[{"href":"https:\/\/etcgalerie.cz\/cs\/wp-json\/wp\/v2\/media?parent=492"}],"wp:term":[{"taxonomy":"category","embeddable":true,"href":"https:\/\/etcgalerie.cz\/cs\/wp-json\/wp\/v2\/categories?post=492"},{"taxonomy":"post_tag","embeddable":true,"href":"https:\/\/etcgalerie.cz\/cs\/wp-json\/wp\/v2\/tags?post=492"}],"curies":[{"name":"wp","href":"https:\/\/api.w.org\/{rel}","templated":true}]}}