{"id":454,"date":"2012-04-24T08:11:20","date_gmt":"2012-04-24T08:11:20","guid":{"rendered":"http:\/\/etcgalerie.cz\/?p=454"},"modified":"2015-01-15T02:41:22","modified_gmt":"2015-01-15T02:41:22","slug":"2742012-6-p-m-jan-wollner-vinglers-position","status":"publish","type":"post","link":"https:\/\/etcgalerie.cz\/cs\/2742012-6-p-m-jan-wollner-vinglers-position\/","title":{"rendered":"Jan Wollner \/ Vinglerova Pozice"},"content":{"rendered":"<p><ul class=\"bxslider\" ><li><div class='slide-wrapper'>\n<img src='https:\/\/etcgalerie.cz\/wp-content\/uploads\/2012\/04\/2012_Wollner_Vinglerova_pozice.png' data-interchange=\" [https:\/\/etcgalerie.cz\/wp-content\/uploads\/2012\/04\/2012_Wollner_Vinglerova_pozice-450x300.png, (default)], [https:\/\/etcgalerie.cz\/wp-content\/uploads\/2012\/04\/2012_Wollner_Vinglerova_pozice.png, (large)] \"  \/>\n<\/div><\/li>\n<\/ul>\n<\/p>\n<p>Pro um\u011bn\u00ed 60. let jsou p\u0159\u00edzna\u010dn\u00e9 r\u016fzn\u00e9 druhy experiment\u016f. Vinglerova konzervativn\u00ed pozice se jim zd\u00e1nliv\u011b zcela vyhnula,\u00a0ale p\u0159i bli\u017e\u0161\u00edm pohledu se uk\u00e1\u017ee, \u017ee ji lze \u010d\u00edst naopak jako skryt\u00fd dialog s jeho experimentuj\u00edc\u00edmi kolegy.<\/p>\n<p>P\u0159edn\u00e1\u0161ka teoretika um\u011bn\u00ed Jana Wollnera, kter\u00fd v sou\u010dasn\u00e9 dob\u011b p\u0159ipravuje svou doktorandskou pr\u00e1ci na t\u00e9ma fenom\u00e9nu \u010desk\u00e9ho socha\u0159stv\u00ed 20 \u2013 21. stolet\u00ed. Wollner je tak\u00e9 autorem kritick\u00e9 stat\u011b v nov\u00e9m katalogu, kter\u00fd vy\u0161el u p\u0159\u00edle\u017eitosti v\u00fdstavy socha\u0159e Vincence Vinglera v GHMP. O problematice, t\u00fdkaj\u00edc\u00ed se rozporu Vinglerovy celo\u017eivotn\u00edho zv\u00ed\u0159ec\u00edho sujetu a experiment\u00e1ln\u00edho projevu typick\u00e9ho pro 60. l\u00e9ta pohovo\u0159il na p\u0159edn\u00e1\u0161ce nazvan\u00e9 <i>Vinglerova pozice.<\/i><\/p>","protected":false},"excerpt":{"rendered":"<p>Pro um\u011bn\u00ed 60. let jsou p\u0159\u00edzna\u010dn\u00e9 r\u016fzn\u00e9 druhy experiment\u016f. Vinglerova konzervativn\u00ed pozice se jim zd\u00e1nliv\u011b zcela vyhnula,\u00a0ale p\u0159i bli\u017e\u0161\u00edm pohledu se uk\u00e1\u017ee, \u017ee ji lze \u010d\u00edst naopak jako skryt\u00fd dialog s jeho experimentuj\u00edc\u00edmi kolegy. P\u0159edn\u00e1\u0161ka teoretika um\u011bn\u00ed Jana Wollnera, kter\u00fd v sou\u010dasn\u00e9 dob\u011b p\u0159ipravuje svou doktorandskou pr\u00e1ci na t\u00e9ma fenom\u00e9nu \u010desk\u00e9ho socha\u0159stv\u00ed 20 \u2013 21. [&hellip;]<\/p>\n","protected":false},"author":3,"featured_media":0,"comment_status":"open","ping_status":"open","sticky":false,"template":"","format":"standard","meta":{"footnotes":""},"categories":[1],"tags":[],"class_list":["post-454","post","type-post","status-publish","format-standard","hentry","category-archive"],"_links":{"self":[{"href":"https:\/\/etcgalerie.cz\/cs\/wp-json\/wp\/v2\/posts\/454","targetHints":{"allow":["GET"]}}],"collection":[{"href":"https:\/\/etcgalerie.cz\/cs\/wp-json\/wp\/v2\/posts"}],"about":[{"href":"https:\/\/etcgalerie.cz\/cs\/wp-json\/wp\/v2\/types\/post"}],"author":[{"embeddable":true,"href":"https:\/\/etcgalerie.cz\/cs\/wp-json\/wp\/v2\/users\/3"}],"replies":[{"embeddable":true,"href":"https:\/\/etcgalerie.cz\/cs\/wp-json\/wp\/v2\/comments?post=454"}],"version-history":[{"count":5,"href":"https:\/\/etcgalerie.cz\/cs\/wp-json\/wp\/v2\/posts\/454\/revisions"}],"predecessor-version":[{"id":1592,"href":"https:\/\/etcgalerie.cz\/cs\/wp-json\/wp\/v2\/posts\/454\/revisions\/1592"}],"wp:attachment":[{"href":"https:\/\/etcgalerie.cz\/cs\/wp-json\/wp\/v2\/media?parent=454"}],"wp:term":[{"taxonomy":"category","embeddable":true,"href":"https:\/\/etcgalerie.cz\/cs\/wp-json\/wp\/v2\/categories?post=454"},{"taxonomy":"post_tag","embeddable":true,"href":"https:\/\/etcgalerie.cz\/cs\/wp-json\/wp\/v2\/tags?post=454"}],"curies":[{"name":"wp","href":"https:\/\/api.w.org\/{rel}","templated":true}]}}