{"id":2795,"date":"2018-10-16T12:07:17","date_gmt":"2018-10-16T12:07:17","guid":{"rendered":"http:\/\/etcgalerie.cz\/?p=2795"},"modified":"2018-11-20T15:29:59","modified_gmt":"2018-11-20T15:29:59","slug":"jana-kapelova-paradox-akvaria","status":"publish","type":"post","link":"https:\/\/etcgalerie.cz\/cs\/jana-kapelova-paradox-akvaria\/","title":{"rendered":"Jana Kapelov\u00e1: Paradox akv\u00e1ria"},"content":{"rendered":"<p><ul class=\"bxslider\" ><li><div class='slide-wrapper'>\n<img src='https:\/\/etcgalerie.cz\/wp-content\/uploads\/2018\/09\/ETC_20_09_2018_64_web-1000x667.jpg' data-interchange=\" [https:\/\/etcgalerie.cz\/wp-content\/uploads\/2018\/09\/ETC_20_09_2018_64_web-450x300.jpg, (default)], [https:\/\/etcgalerie.cz\/wp-content\/uploads\/2018\/09\/ETC_20_09_2018_64_web-1000x667.jpg, (large)] \"  \/>\n<\/div><\/li>\n<li><div class='slide-wrapper'>\n<img src='https:\/\/etcgalerie.cz\/wp-content\/uploads\/2018\/10\/FF8-Paradox-akv\u00e1ria_ETC-f-Kosky_27-1000x667.jpg' data-interchange=\" [https:\/\/etcgalerie.cz\/wp-content\/uploads\/2018\/10\/FF8-Paradox-akv\u00e1ria_ETC-f-Kosky_27-450x300.jpg, (default)], [https:\/\/etcgalerie.cz\/wp-content\/uploads\/2018\/10\/FF8-Paradox-akv\u00e1ria_ETC-f-Kosky_27-1000x667.jpg, (large)] \"  \/>\n<\/div><\/li>\n<li><div class='slide-wrapper'>\n<img src='https:\/\/etcgalerie.cz\/wp-content\/uploads\/2018\/10\/FF8-Paradox-akv\u00e1ria_ETC-f-Kosky_26-1000x667.jpg' data-interchange=\" [https:\/\/etcgalerie.cz\/wp-content\/uploads\/2018\/10\/FF8-Paradox-akv\u00e1ria_ETC-f-Kosky_26-450x300.jpg, (default)], [https:\/\/etcgalerie.cz\/wp-content\/uploads\/2018\/10\/FF8-Paradox-akv\u00e1ria_ETC-f-Kosky_26-1000x667.jpg, (large)] \"  \/>\n<\/div><\/li>\n<li><div class='slide-wrapper'>\n<img src='https:\/\/etcgalerie.cz\/wp-content\/uploads\/2018\/10\/FF8-Paradox-akv\u00e1ria_ETC-f-Kosky_25-1000x667.jpg' data-interchange=\" [https:\/\/etcgalerie.cz\/wp-content\/uploads\/2018\/10\/FF8-Paradox-akv\u00e1ria_ETC-f-Kosky_25-450x300.jpg, (default)], [https:\/\/etcgalerie.cz\/wp-content\/uploads\/2018\/10\/FF8-Paradox-akv\u00e1ria_ETC-f-Kosky_25-1000x667.jpg, (large)] \"  \/>\n<\/div><\/li>\n<li><div class='slide-wrapper'>\n<img src='https:\/\/etcgalerie.cz\/wp-content\/uploads\/2018\/10\/FF8-Paradox-akv\u00e1ria_ETC-f-Kosky_23-1000x667.jpg' data-interchange=\" [https:\/\/etcgalerie.cz\/wp-content\/uploads\/2018\/10\/FF8-Paradox-akv\u00e1ria_ETC-f-Kosky_23-450x300.jpg, (default)], [https:\/\/etcgalerie.cz\/wp-content\/uploads\/2018\/10\/FF8-Paradox-akv\u00e1ria_ETC-f-Kosky_23-1000x667.jpg, (large)] \"  \/>\n<\/div><\/li>\n<li><div class='slide-wrapper'>\n<img src='https:\/\/etcgalerie.cz\/wp-content\/uploads\/2018\/10\/FF8-Paradox-akv\u00e1ria_ETC-f-Kosky_22-1000x667.jpg' data-interchange=\" [https:\/\/etcgalerie.cz\/wp-content\/uploads\/2018\/10\/FF8-Paradox-akv\u00e1ria_ETC-f-Kosky_22-450x300.jpg, (default)], [https:\/\/etcgalerie.cz\/wp-content\/uploads\/2018\/10\/FF8-Paradox-akv\u00e1ria_ETC-f-Kosky_22-1000x667.jpg, (large)] \"  \/>\n<\/div><\/li>\n<li><div class='slide-wrapper'>\n<img src='https:\/\/etcgalerie.cz\/wp-content\/uploads\/2018\/10\/FF8-Paradox-akv\u00e1ria_ETC-f-Kosky_21-1000x667.jpg' data-interchange=\" [https:\/\/etcgalerie.cz\/wp-content\/uploads\/2018\/10\/FF8-Paradox-akv\u00e1ria_ETC-f-Kosky_21-450x300.jpg, (default)], [https:\/\/etcgalerie.cz\/wp-content\/uploads\/2018\/10\/FF8-Paradox-akv\u00e1ria_ETC-f-Kosky_21-1000x667.jpg, (large)] \"  \/>\n<\/div><\/li>\n<li><div class='slide-wrapper'>\n<img src='https:\/\/etcgalerie.cz\/wp-content\/uploads\/2018\/10\/FF8-Paradox-akv\u00e1ria_ETC-f-Kosky_20-1000x667.jpg' data-interchange=\" [https:\/\/etcgalerie.cz\/wp-content\/uploads\/2018\/10\/FF8-Paradox-akv\u00e1ria_ETC-f-Kosky_20-450x300.jpg, (default)], [https:\/\/etcgalerie.cz\/wp-content\/uploads\/2018\/10\/FF8-Paradox-akv\u00e1ria_ETC-f-Kosky_20-1000x667.jpg, (large)] \"  \/>\n<\/div><\/li>\n<li><div class='slide-wrapper'>\n<img src='https:\/\/etcgalerie.cz\/wp-content\/uploads\/2018\/10\/FF8-Paradox-akv\u00e1ria_ETC-f-Kosky_16-445x667.jpg' data-interchange=\" [https:\/\/etcgalerie.cz\/wp-content\/uploads\/2018\/10\/FF8-Paradox-akv\u00e1ria_ETC-f-Kosky_16-450x300.jpg, (default)], [https:\/\/etcgalerie.cz\/wp-content\/uploads\/2018\/10\/FF8-Paradox-akv\u00e1ria_ETC-f-Kosky_16-445x667.jpg, (large)] \"  \/>\n<\/div><\/li>\n<li><div class='slide-wrapper'>\n<img src='https:\/\/etcgalerie.cz\/wp-content\/uploads\/2018\/10\/FF8-Paradox-akv\u00e1ria_ETC-f-Kosky_12-445x667.jpg' data-interchange=\" [https:\/\/etcgalerie.cz\/wp-content\/uploads\/2018\/10\/FF8-Paradox-akv\u00e1ria_ETC-f-Kosky_12-450x300.jpg, (default)], [https:\/\/etcgalerie.cz\/wp-content\/uploads\/2018\/10\/FF8-Paradox-akv\u00e1ria_ETC-f-Kosky_12-445x667.jpg, (large)] \"  \/>\n<\/div><\/li>\n<li><div class='slide-wrapper'>\n<img src='https:\/\/etcgalerie.cz\/wp-content\/uploads\/2018\/10\/FF8-Paradox-akv\u00e1ria_ETC-f-Kosky_11-445x667.jpg' data-interchange=\" [https:\/\/etcgalerie.cz\/wp-content\/uploads\/2018\/10\/FF8-Paradox-akv\u00e1ria_ETC-f-Kosky_11-450x300.jpg, (default)], [https:\/\/etcgalerie.cz\/wp-content\/uploads\/2018\/10\/FF8-Paradox-akv\u00e1ria_ETC-f-Kosky_11-445x667.jpg, (large)] \"  \/>\n<\/div><\/li>\n<li><div class='slide-wrapper'>\n<img src='https:\/\/etcgalerie.cz\/wp-content\/uploads\/2018\/10\/FF8-Paradox-akv\u00e1ria_ETC-f-Kosky_09-445x667.jpg' data-interchange=\" [https:\/\/etcgalerie.cz\/wp-content\/uploads\/2018\/10\/FF8-Paradox-akv\u00e1ria_ETC-f-Kosky_09-450x300.jpg, (default)], [https:\/\/etcgalerie.cz\/wp-content\/uploads\/2018\/10\/FF8-Paradox-akv\u00e1ria_ETC-f-Kosky_09-445x667.jpg, (large)] \"  \/>\n<\/div><\/li>\n<li><div class='slide-wrapper'>\n<img src='https:\/\/etcgalerie.cz\/wp-content\/uploads\/2018\/10\/FF8-Paradox-akv\u00e1ria_ETC-f-Kosky_06-445x667.jpg' data-interchange=\" [https:\/\/etcgalerie.cz\/wp-content\/uploads\/2018\/10\/FF8-Paradox-akv\u00e1ria_ETC-f-Kosky_06-450x300.jpg, (default)], [https:\/\/etcgalerie.cz\/wp-content\/uploads\/2018\/10\/FF8-Paradox-akv\u00e1ria_ETC-f-Kosky_06-445x667.jpg, (large)] \"  \/>\n<\/div><\/li>\n<li><div class='slide-wrapper'>\n<img src='https:\/\/etcgalerie.cz\/wp-content\/uploads\/2018\/10\/FF8-Paradox-akv\u00e1ria_ETC-f-Kosky_05-1000x667.jpg' data-interchange=\" [https:\/\/etcgalerie.cz\/wp-content\/uploads\/2018\/10\/FF8-Paradox-akv\u00e1ria_ETC-f-Kosky_05-450x300.jpg, (default)], [https:\/\/etcgalerie.cz\/wp-content\/uploads\/2018\/10\/FF8-Paradox-akv\u00e1ria_ETC-f-Kosky_05-1000x667.jpg, (large)] \"  \/>\n<\/div><\/li>\n<li><div class='slide-wrapper'>\n<img src='https:\/\/etcgalerie.cz\/wp-content\/uploads\/2018\/10\/FF8-Paradox-akv\u00e1ria_ETC-f-Kosky_04-1000x667.jpg' data-interchange=\" [https:\/\/etcgalerie.cz\/wp-content\/uploads\/2018\/10\/FF8-Paradox-akv\u00e1ria_ETC-f-Kosky_04-450x300.jpg, (default)], [https:\/\/etcgalerie.cz\/wp-content\/uploads\/2018\/10\/FF8-Paradox-akv\u00e1ria_ETC-f-Kosky_04-1000x667.jpg, (large)] \"  \/>\n<\/div><\/li>\n<li><div class='slide-wrapper'>\n<img src='https:\/\/etcgalerie.cz\/wp-content\/uploads\/2018\/10\/FF8-Paradox-akv\u00e1ria_ETC-f-Kosky_03-1000x667.jpg' data-interchange=\" [https:\/\/etcgalerie.cz\/wp-content\/uploads\/2018\/10\/FF8-Paradox-akv\u00e1ria_ETC-f-Kosky_03-450x300.jpg, (default)], [https:\/\/etcgalerie.cz\/wp-content\/uploads\/2018\/10\/FF8-Paradox-akv\u00e1ria_ETC-f-Kosky_03-1000x667.jpg, (large)] \"  \/>\n<\/div><\/li>\n<li><div class='slide-wrapper'>\n<img src='https:\/\/etcgalerie.cz\/wp-content\/uploads\/2018\/10\/FF8-Paradox-akv\u00e1ria_ETC-f-Kosky_02-1000x667.jpg' data-interchange=\" [https:\/\/etcgalerie.cz\/wp-content\/uploads\/2018\/10\/FF8-Paradox-akv\u00e1ria_ETC-f-Kosky_02-450x300.jpg, (default)], [https:\/\/etcgalerie.cz\/wp-content\/uploads\/2018\/10\/FF8-Paradox-akv\u00e1ria_ETC-f-Kosky_02-1000x667.jpg, (large)] \"  \/>\n<\/div><\/li>\n<li><div class='slide-wrapper'>\n<img src='https:\/\/etcgalerie.cz\/wp-content\/uploads\/2018\/10\/FF8-Paradox-akv\u00e1ria_ETC-f-Kosky_01-1000x667.jpg' data-interchange=\" [https:\/\/etcgalerie.cz\/wp-content\/uploads\/2018\/10\/FF8-Paradox-akv\u00e1ria_ETC-f-Kosky_01-450x300.jpg, (default)], [https:\/\/etcgalerie.cz\/wp-content\/uploads\/2018\/10\/FF8-Paradox-akv\u00e1ria_ETC-f-Kosky_01-1000x667.jpg, (large)] \"  \/>\n<\/div><\/li>\n<\/ul>\n<\/p>\n<p><strong>V\u00fdstava je sou\u010d\u00e1st\u00ed Fotograf Festivalu. Otev\u00edrac\u00ed doba galerie je b\u011bhem trv\u00e1n\u00ed v\u00fdstavy p\u00e1tek a\u017e ned\u011ble, od 13:00 do 18:00 hodin.\u00a0<\/strong><\/p>\n<p>Rozostren\u00e1 hranica medzi pr\u00e1cou a\u00a0vo\u013en\u00fdm \u010dasom dnes spravila t\u00e9mu pr\u00e1ce op\u00e4\u0165 aktu\u00e1lnou. Je tu permanentn\u00e1 pr\u00e1ca, (seba)prekariz\u00e1cia, vyhorenie&#8230; Jana Kapelov\u00e1 na pr\u00e1cu nazer\u00e1 cez prizmu osobn\u00e9ho naplnenia. Zauj\u00edma sa o strat\u00e9gie individu\u00e1lneho no v\u00e4\u010d\u0161inou nereflektovan\u00e9ho vzdoru vo\u010di pracovnej frustr\u00e1cii, vo\u010di rutinn\u00fdm a\u00a0ub\u00edjaj\u00facim aspektom pr\u00e1ce a\u00a0z\u00a0toho vypl\u00fdvaj\u00facemu odcudzenia. Alebo naopak, nab\u00e1da na ich reflexiu, ktor\u00e1 by mohla vies\u0165 k\u00a0naru\u0161eniu zabehnut\u00e9ho myslenia alebo prekonaniu pas\u00edvnej odovzdanosti. Z\u00e1rove\u0148 sa jej z\u00e1ujem prirodzene roz\u0161\u00edril aj o\u00a0t\u00e9mu v\u00fdchovy.<\/p>\n<p>Vo v\u00fdstave <em>Paradox akv\u00e1ria\u00a0<\/em>sa Jana Kapelov\u00e1 zaober\u00e1 tradi\u010dnou koncepciou vzdel\u00e1vacieho syst\u00e9mu, ktor\u00fa kladie do s\u00favislosti s\u00a0pon\u00edman\u00edm pr\u00e1ce,\u00a0u\u010den\u00edm sa pracovnej etike a prisp\u00f4sobovan\u00edm sa hierarchickej \u0161trukt\u00fare spolo\u010dnosti. Jej uva\u017eovanie nad vzdel\u00e1van\u00edm otv\u00e1ra ot\u00e1zky toho, do akej miery a ak\u00fdm sp\u00f4sobom sa do na\u0161ej osobnosti vtl\u00e1\u010daj\u00fa negat\u00edvne prvky v\u00fdchovno-vzdel\u00e1vacieho syst\u00e9mu a ak\u00fd maj\u00fa dosah na na\u0161e postoje \u010di rozhodovanie sa v\u00a0dospelosti. Pre\u010do vykon\u00e1vame pr\u00e1cu, ktor\u00e1 n\u00e1s nebav\u00ed a\u00a0venujeme sa zamestnaniam, ktor\u00e9 s\u00fa frustruj\u00face?<\/p>\n<p>Pojem \u0161kola poch\u00e1dza z\u00a0gr\u00e9ckeho slova \u03c3\u03c7\u03bf\u03bb\u03ae\u00a0(<em>skhol\u00e9<\/em>), ktor\u00e9 znamen\u00e1 vo\u013en\u00fd \u010das, oddych, pr\u00e1zdno str\u00e1ven\u00e9 \u010d\u00edtan\u00edm \u010di diskusiou. Pojem discipl\u00edna m\u00e1 p\u00f4vod v\u00a0latinsk\u00fdch slov\u00e1ch discipl\u012bna, p\u00f4vodne s\u00a0v\u00fdznamom u\u010denie, vzdel\u00e1vanie, v\u00fdchova a\u00a0discipulus \u2013 \u017eiak, u\u010de\u0148. Z\u00e1klad a\u00a0dodnes aplikovan\u00e9 princ\u00edpy n\u00e1\u0161ho tradi\u010dn\u00e9ho syst\u00e9mu u\u010denia v\u0161ak polo\u017eila vzdel\u00e1vacia reforma M\u00e1rie Ter\u00e9zie a\u00a0jej model povinnej \u0161kolskej doch\u00e1dzky in\u0161pirovan\u00fd pruskou vojenskou v\u00fdchovou. Pritom, jej paralela s \u010fal\u0161\u00edm fenom\u00e9nom 18. storo\u010dia, priemyselnou revol\u00faciou, ktor\u00e1, naopak, zaviedla syst\u00e9m n\u00e1mezdnej pr\u00e1ce, je k\u013e\u00fa\u010dov\u00e1.<\/p>\n<p>Projekt Jany Kapelovej pre gal\u00e9riu Etc. pracuje s\u00a0form\u00e1tom performat\u00edvnej predn\u00e1\u0161ky, v\u00a0ktorej sa vz\u00e1jomne kombinuj\u00fa r\u00f4zne zdroje. Pracuje s cit\u00e1ciami \u010di uvo\u013enenej\u0161\u00edm parafr\u00e1zovan\u00edm zdrojov z\u00a0odbornej literat\u00fary o\u00a0v\u00fdchove, psychol\u00f3gii,\u00a0pedagogiky \u010di kognit\u00edvnych vied. No d\u00f4le\u017eit\u00fdm prvkom s\u00fa tu tie\u017e m\u00e9my \u2013 a\u00a0to nielen m\u00e9my internetovej komunik\u00e1cie, ktor\u00e9 vir\u00e1lnym sp\u00f4sobom napom\u00e1haj\u00fa \u0161\u00edri\u0165 obecne zdie\u013ean\u00e9 sk\u00fasenosti a\u00a0em\u00f3cie, ale najm\u00e4 m\u00e9my ch\u00e1pan\u00e9 v\u00a0\u0161ir\u0161om zmysle ako kult\u00farne n\u00e1vyky \u010di sp\u00f4soby myslenia vo\u013ene sa replikuj\u00face z\u00a0osoby na osobu. V\u00a0tomto zmysle sa tie\u017e uva\u017eovanie Jany Kapelovej o\u00a0vzdel\u00e1van\u00ed a pr\u00e1ci opiera o koncept technol\u00f3gie my\u0161lienok psychol\u00f3ga Barryho Schwartza. Ak je teda podstatou probl\u00e9mu syst\u00e9m myslenia, mus\u00edme sa pok\u00fasi\u0165 o\u00a0jeho zmenu, \u010do nebude mo\u017en\u00e9 bez \u00fasilia o\u00a0seba-poznanie ved\u00face k\u00a0emancipovan\u00e9mu pon\u00edmaniu osobnej slobody, ani bez transform\u00e1cie 244 rokov star\u00e9ho vzdel\u00e1vacieho syst\u00e9mu.<\/p>\n<p>Kur\u00e1torka: Eli\u0161ka Mazalanov\u00e1<\/p>\n<p>&nbsp;<\/p>\n<p>&nbsp;<\/p>","protected":false},"excerpt":{"rendered":"<p>V\u00fdstava je sou\u010d\u00e1st\u00ed Fotograf Festivalu. Otev\u00edrac\u00ed doba galerie je b\u011bhem trv\u00e1n\u00ed v\u00fdstavy p\u00e1tek a\u017e ned\u011ble, od 13:00 do 18:00 hodin.\u00a0 Rozostren\u00e1 hranica medzi pr\u00e1cou a\u00a0vo\u013en\u00fdm \u010dasom dnes spravila t\u00e9mu pr\u00e1ce op\u00e4\u0165 aktu\u00e1lnou. Je tu permanentn\u00e1 pr\u00e1ca, (seba)prekariz\u00e1cia, vyhorenie&#8230; Jana Kapelov\u00e1 na pr\u00e1cu nazer\u00e1 cez prizmu osobn\u00e9ho naplnenia. Zauj\u00edma sa o strat\u00e9gie individu\u00e1lneho no v\u00e4\u010d\u0161inou nereflektovan\u00e9ho [&hellip;]<\/p>\n","protected":false},"author":6,"featured_media":0,"comment_status":"open","ping_status":"open","sticky":false,"template":"","format":"standard","meta":{"footnotes":""},"categories":[1],"tags":[],"class_list":["post-2795","post","type-post","status-publish","format-standard","hentry","category-archive"],"_links":{"self":[{"href":"https:\/\/etcgalerie.cz\/cs\/wp-json\/wp\/v2\/posts\/2795","targetHints":{"allow":["GET"]}}],"collection":[{"href":"https:\/\/etcgalerie.cz\/cs\/wp-json\/wp\/v2\/posts"}],"about":[{"href":"https:\/\/etcgalerie.cz\/cs\/wp-json\/wp\/v2\/types\/post"}],"author":[{"embeddable":true,"href":"https:\/\/etcgalerie.cz\/cs\/wp-json\/wp\/v2\/users\/6"}],"replies":[{"embeddable":true,"href":"https:\/\/etcgalerie.cz\/cs\/wp-json\/wp\/v2\/comments?post=2795"}],"version-history":[{"count":4,"href":"https:\/\/etcgalerie.cz\/cs\/wp-json\/wp\/v2\/posts\/2795\/revisions"}],"predecessor-version":[{"id":2829,"href":"https:\/\/etcgalerie.cz\/cs\/wp-json\/wp\/v2\/posts\/2795\/revisions\/2829"}],"wp:attachment":[{"href":"https:\/\/etcgalerie.cz\/cs\/wp-json\/wp\/v2\/media?parent=2795"}],"wp:term":[{"taxonomy":"category","embeddable":true,"href":"https:\/\/etcgalerie.cz\/cs\/wp-json\/wp\/v2\/categories?post=2795"},{"taxonomy":"post_tag","embeddable":true,"href":"https:\/\/etcgalerie.cz\/cs\/wp-json\/wp\/v2\/tags?post=2795"}],"curies":[{"name":"wp","href":"https:\/\/api.w.org\/{rel}","templated":true}]}}