{"id":2617,"date":"2018-04-23T18:30:58","date_gmt":"2018-04-23T18:30:58","guid":{"rendered":"http:\/\/etcgalerie.cz\/?p=2617"},"modified":"2018-06-25T15:43:50","modified_gmt":"2018-06-25T15:43:50","slug":"politika-pravdy-iii-obraz-druheho","status":"publish","type":"post","link":"https:\/\/etcgalerie.cz\/cs\/politika-pravdy-iii-obraz-druheho\/","title":{"rendered":"Politika pravdy III: Obraz druh\u00e9ho"},"content":{"rendered":"<p>Galerie etc. v roce 2018 pokra\u010duje v dlouhodob\u00e9m v\u00fdzkumn\u00e9m projektu <em>Politika pravdy<\/em>, kter\u00fd byl zapo\u010dat ji\u017e na konci roku 2017. Program je zam\u011b\u0159en\u00fd na prezentace sou\u010dasn\u00fdch um\u011blc\u016f pracuj\u00edc\u00edch experiment\u00e1ln\u011b a analyticky s n\u00e1stroji dokument\u00e1rn\u00edch vide\u00ed. V\u00fdzkumn\u00fd projekt se naz\u00fdv\u00e1 <em>Politika pravdy<\/em> a jeho t\u0159et\u00ed tematick\u00fd blok m\u00e1 podtitul <em>Obraz druh\u00e9ho<\/em>. Nov\u00fd program galerie nen\u00ed zam\u011b\u0159en na m\u011bs\u00ed\u010dn\u00ed v\u00fdstavn\u00ed projekty, jak tomu bylo doposud, ale na jednotliv\u00e9 prom\u00edtac\u00ed ve\u010dery, kter\u00e9 doprov\u00e1z\u00ed p\u0159edn\u00e1\u0161ky a diskuze s teoretiky\/\u010dkami a vystavuj\u00edc\u00edmi um\u011blci\/kyn\u011bmi.<\/p>\n<p><strong>Politika pravdy \u2013 III. \u010d\u00e1st: Obraz druh\u00e9ho<\/strong><\/p>\n<p>Kdo je dnes n\u00e1\u0161 &#8222;druh\u00fd&#8220;? A jak s jeho obrazem pracuje kamera? T\u0159et\u00ed kapitola v\u00fdzkumn\u00e9ho projektu Politika pravdy se soust\u0159ed\u00ed na pr\u016fse\u010d\u00edky dokument\u00e1rn\u00edch p\u0159\u00edstup\u016f se sou\u010dasn\u00fdm postkoloni\u00e1ln\u00edm my\u0161len\u00edm a inkluz\u00ed komunit definovan\u00fdch kulturn\u00ed odli\u0161nost\u00ed. Program budou tvo\u0159it ve\u010dern\u00ed prom\u00edt\u00e1n\u00ed a p\u0159edn\u00e1\u0161ka filozofa Josefa Fulky.<\/p>\n<p>Kur\u00e1torky projektu: Al\u017eb\u011bta Ba\u010d\u00edkov\u00e1 a Anna Reme\u0161ov\u00e1<\/p>","protected":false},"excerpt":{"rendered":"<p>Galerie etc. v roce 2018 pokra\u010duje v dlouhodob\u00e9m v\u00fdzkumn\u00e9m projektu Politika pravdy, kter\u00fd byl zapo\u010dat ji\u017e na konci roku 2017. Program je zam\u011b\u0159en\u00fd na prezentace sou\u010dasn\u00fdch um\u011blc\u016f pracuj\u00edc\u00edch experiment\u00e1ln\u011b a analyticky s n\u00e1stroji dokument\u00e1rn\u00edch vide\u00ed. V\u00fdzkumn\u00fd projekt se naz\u00fdv\u00e1 Politika pravdy a jeho t\u0159et\u00ed tematick\u00fd blok m\u00e1 podtitul Obraz druh\u00e9ho. Nov\u00fd program galerie nen\u00ed zam\u011b\u0159en [&hellip;]<\/p>\n","protected":false},"author":6,"featured_media":0,"comment_status":"open","ping_status":"open","sticky":false,"template":"","format":"standard","meta":{"footnotes":""},"categories":[1],"tags":[],"class_list":["post-2617","post","type-post","status-publish","format-standard","hentry","category-archive"],"_links":{"self":[{"href":"https:\/\/etcgalerie.cz\/cs\/wp-json\/wp\/v2\/posts\/2617","targetHints":{"allow":["GET"]}}],"collection":[{"href":"https:\/\/etcgalerie.cz\/cs\/wp-json\/wp\/v2\/posts"}],"about":[{"href":"https:\/\/etcgalerie.cz\/cs\/wp-json\/wp\/v2\/types\/post"}],"author":[{"embeddable":true,"href":"https:\/\/etcgalerie.cz\/cs\/wp-json\/wp\/v2\/users\/6"}],"replies":[{"embeddable":true,"href":"https:\/\/etcgalerie.cz\/cs\/wp-json\/wp\/v2\/comments?post=2617"}],"version-history":[{"count":1,"href":"https:\/\/etcgalerie.cz\/cs\/wp-json\/wp\/v2\/posts\/2617\/revisions"}],"predecessor-version":[{"id":2618,"href":"https:\/\/etcgalerie.cz\/cs\/wp-json\/wp\/v2\/posts\/2617\/revisions\/2618"}],"wp:attachment":[{"href":"https:\/\/etcgalerie.cz\/cs\/wp-json\/wp\/v2\/media?parent=2617"}],"wp:term":[{"taxonomy":"category","embeddable":true,"href":"https:\/\/etcgalerie.cz\/cs\/wp-json\/wp\/v2\/categories?post=2617"},{"taxonomy":"post_tag","embeddable":true,"href":"https:\/\/etcgalerie.cz\/cs\/wp-json\/wp\/v2\/tags?post=2617"}],"curies":[{"name":"wp","href":"https:\/\/api.w.org\/{rel}","templated":true}]}}