{"id":2234,"date":"2016-10-01T20:52:10","date_gmt":"2016-10-01T20:52:10","guid":{"rendered":"http:\/\/etcgalerie.cz\/?p=2234"},"modified":"2016-11-29T19:31:51","modified_gmt":"2016-11-29T19:31:51","slug":"dror-daum-strach-zit","status":"publish","type":"post","link":"https:\/\/etcgalerie.cz\/cs\/dror-daum-strach-zit\/","title":{"rendered":"Dror Daum \/ B\u00e1t se \u017e\u00edt"},"content":{"rendered":"<p><ul class=\"bxslider\" ><li><div class='slide-wrapper'>\n<img src='https:\/\/etcgalerie.cz\/wp-content\/uploads\/2016\/10\/diuna_Final.jpeg' data-interchange=\" [https:\/\/etcgalerie.cz\/wp-content\/uploads\/2016\/10\/diuna_Final-450x300.jpeg, (default)], [https:\/\/etcgalerie.cz\/wp-content\/uploads\/2016\/10\/diuna_Final.jpeg, (large)] \"  \/>\n<\/div><\/li>\n<li><div class='slide-wrapper'>\n<img src='https:\/\/etcgalerie.cz\/wp-content\/uploads\/2016\/10\/IMG_0760-1000x667.jpg' data-interchange=\" [https:\/\/etcgalerie.cz\/wp-content\/uploads\/2016\/10\/IMG_0760-450x300.jpg, (default)], [https:\/\/etcgalerie.cz\/wp-content\/uploads\/2016\/10\/IMG_0760-1000x667.jpg, (large)] \"  \/>\n<\/div><\/li>\n<li><div class='slide-wrapper'>\n<img src='https:\/\/etcgalerie.cz\/wp-content\/uploads\/2016\/10\/IMG_0761-1000x667.jpg' data-interchange=\" [https:\/\/etcgalerie.cz\/wp-content\/uploads\/2016\/10\/IMG_0761-450x300.jpg, (default)], [https:\/\/etcgalerie.cz\/wp-content\/uploads\/2016\/10\/IMG_0761-1000x667.jpg, (large)] \"  \/>\n<\/div><\/li>\n<li><div class='slide-wrapper'>\n<img src='https:\/\/etcgalerie.cz\/wp-content\/uploads\/2016\/10\/IMG_0763-1000x667.jpg' data-interchange=\" [https:\/\/etcgalerie.cz\/wp-content\/uploads\/2016\/10\/IMG_0763-450x300.jpg, (default)], [https:\/\/etcgalerie.cz\/wp-content\/uploads\/2016\/10\/IMG_0763-1000x667.jpg, (large)] \"  \/>\n<\/div><\/li>\n<li><div class='slide-wrapper'>\n<img src='https:\/\/etcgalerie.cz\/wp-content\/uploads\/2016\/10\/IMG_0765-1000x667.jpg' data-interchange=\" [https:\/\/etcgalerie.cz\/wp-content\/uploads\/2016\/10\/IMG_0765-450x300.jpg, (default)], [https:\/\/etcgalerie.cz\/wp-content\/uploads\/2016\/10\/IMG_0765-1000x667.jpg, (large)] \"  \/>\n<\/div><\/li>\n<li><div class='slide-wrapper'>\n<img src='https:\/\/etcgalerie.cz\/wp-content\/uploads\/2016\/10\/IMG_0766-1000x667.jpg' data-interchange=\" [https:\/\/etcgalerie.cz\/wp-content\/uploads\/2016\/10\/IMG_0766-450x300.jpg, (default)], [https:\/\/etcgalerie.cz\/wp-content\/uploads\/2016\/10\/IMG_0766-1000x667.jpg, (large)] \"  \/>\n<\/div><\/li>\n<li><div class='slide-wrapper'>\n<img src='https:\/\/etcgalerie.cz\/wp-content\/uploads\/2016\/10\/IMG_0767-1000x667.jpg' data-interchange=\" [https:\/\/etcgalerie.cz\/wp-content\/uploads\/2016\/10\/IMG_0767-450x300.jpg, (default)], [https:\/\/etcgalerie.cz\/wp-content\/uploads\/2016\/10\/IMG_0767-1000x667.jpg, (large)] \"  \/>\n<\/div><\/li>\n<li><div class='slide-wrapper'>\n<img src='https:\/\/etcgalerie.cz\/wp-content\/uploads\/2016\/10\/IMG_0770-444x667.jpg' data-interchange=\" [https:\/\/etcgalerie.cz\/wp-content\/uploads\/2016\/10\/IMG_0770-450x300.jpg, (default)], [https:\/\/etcgalerie.cz\/wp-content\/uploads\/2016\/10\/IMG_0770-444x667.jpg, (large)] \"  \/>\n<\/div><\/li>\n<li><div class='slide-wrapper'>\n<img src='https:\/\/etcgalerie.cz\/wp-content\/uploads\/2016\/10\/IMG_0772-444x667.jpg' data-interchange=\" [https:\/\/etcgalerie.cz\/wp-content\/uploads\/2016\/10\/IMG_0772-450x300.jpg, (default)], [https:\/\/etcgalerie.cz\/wp-content\/uploads\/2016\/10\/IMG_0772-444x667.jpg, (large)] \"  \/>\n<\/div><\/li>\n<li><div class='slide-wrapper'>\n<img src='https:\/\/etcgalerie.cz\/wp-content\/uploads\/2016\/10\/IMG_0775-444x667.jpg' data-interchange=\" [https:\/\/etcgalerie.cz\/wp-content\/uploads\/2016\/10\/IMG_0775-450x300.jpg, (default)], [https:\/\/etcgalerie.cz\/wp-content\/uploads\/2016\/10\/IMG_0775-444x667.jpg, (large)] \"  \/>\n<\/div><\/li>\n<li><div class='slide-wrapper'>\n<img src='https:\/\/etcgalerie.cz\/wp-content\/uploads\/2016\/10\/IMG_0776-1000x667.jpg' data-interchange=\" [https:\/\/etcgalerie.cz\/wp-content\/uploads\/2016\/10\/IMG_0776-450x300.jpg, (default)], [https:\/\/etcgalerie.cz\/wp-content\/uploads\/2016\/10\/IMG_0776-1000x667.jpg, (large)] \"  \/>\n<\/div><\/li>\n<li><div class='slide-wrapper'>\n<img src='https:\/\/etcgalerie.cz\/wp-content\/uploads\/2016\/10\/IMG_0786-444x667.jpg' data-interchange=\" [https:\/\/etcgalerie.cz\/wp-content\/uploads\/2016\/10\/IMG_0786-450x300.jpg, (default)], [https:\/\/etcgalerie.cz\/wp-content\/uploads\/2016\/10\/IMG_0786-444x667.jpg, (large)] \"  \/>\n<\/div><\/li>\n<li><div class='slide-wrapper'>\n<img src='https:\/\/etcgalerie.cz\/wp-content\/uploads\/2016\/10\/IMG_0788-1000x667.jpg' data-interchange=\" [https:\/\/etcgalerie.cz\/wp-content\/uploads\/2016\/10\/IMG_0788-450x300.jpg, (default)], [https:\/\/etcgalerie.cz\/wp-content\/uploads\/2016\/10\/IMG_0788-1000x667.jpg, (large)] \"  \/>\n<\/div><\/li>\n<li><div class='slide-wrapper'>\n<img src='https:\/\/etcgalerie.cz\/wp-content\/uploads\/2016\/10\/IMG_0799-1000x667.jpg' data-interchange=\" [https:\/\/etcgalerie.cz\/wp-content\/uploads\/2016\/10\/IMG_0799-450x300.jpg, (default)], [https:\/\/etcgalerie.cz\/wp-content\/uploads\/2016\/10\/IMG_0799-1000x667.jpg, (large)] \"  \/>\n<\/div><\/li>\n<li><div class='slide-wrapper'>\n<img src='https:\/\/etcgalerie.cz\/wp-content\/uploads\/2016\/10\/IMG_0802-1000x667.jpg' data-interchange=\" [https:\/\/etcgalerie.cz\/wp-content\/uploads\/2016\/10\/IMG_0802-450x300.jpg, (default)], [https:\/\/etcgalerie.cz\/wp-content\/uploads\/2016\/10\/IMG_0802-1000x667.jpg, (large)] \"  \/>\n<\/div><\/li>\n<li><div class='slide-wrapper'>\n<img src='https:\/\/etcgalerie.cz\/wp-content\/uploads\/2016\/10\/IMG_0821-444x667.jpg' data-interchange=\" [https:\/\/etcgalerie.cz\/wp-content\/uploads\/2016\/10\/IMG_0821-450x300.jpg, (default)], [https:\/\/etcgalerie.cz\/wp-content\/uploads\/2016\/10\/IMG_0821-444x667.jpg, (large)] \"  \/>\n<\/div><\/li>\n<\/ul>\n<\/p>\n<p><i>Filozofov\u00e1n\u00ed je p\u0159\u00edpravou na smrt\u00a0<\/i><\/p>\n<p>\u0158\u00edk\u00e1 se, \u017ee abychom pochopili, co to znamen\u00e1 b\u00fdt autentickou lidskou bytost\u00ed, mus\u00edme se sm\u00ed\u0159it se skute\u010dnost\u00ed, \u017ee jednoho dne zem\u0159eme. Toto neust\u00e1l\u00e9 prom\u00edt\u00e1n\u00ed na\u0161ich \u017eivot\u016f na horizont smrti naz\u00fdv\u00e1 Martin Heidegger \u201ebyt\u00edm k\u00a0smrti\u201c. Sou\u010dasn\u00e1 spole\u010dnost zcela nepokryt\u011b t\u00e9ma smrti nep\u0159ij\u00edm\u00e1. Politika strachu a jej\u00ed vrcholn\u00fd argument \u2013 smrt \u2013 je pou\u017e\u00edv\u00e1n jako n\u00e1stroj k\u00a0tomu, aby lid\u00e9 byli udr\u017eov\u00e1ni v\u00a0z\u00e1vislosti na moci. A\u010dkoli autentick\u00e9ho lidsk\u00e9ho \u017eivota m\u016f\u017ee b\u00fdt dosa\u017eeno t\u00edm, \u017ee se postav\u00edme tv\u00e1\u0159\u00ed v\u00a0tv\u00e1\u0159 kone\u010dnosti a snaze nal\u00e9zt v\u00fdznam konce na\u0161eho \u017eivota, m\u00edsto toho rad\u011bji z\u016fst\u00e1v\u00e1me na\u017eivu v\u00a0nep\u0159irozen\u00e9m, ale bezpe\u010dn\u00e9m prost\u0159ed\u00ed, pod ochranou toho, co na\u0161\u00ed existenci ub\u00edr\u00e1 tento ryz\u00ed prvek \u2013 mor\u00e1lky.<\/p>\n<p>Drod Daum ve sv\u00fdch fotografi\u00edch poj\u00edm\u00e1 t\u00e9ma autenticity inteligentn\u00edm a nep\u0159\u00edmo\u010dar\u00fdm zp\u016fsobem. Jeho obrazy jsou velmi \u010dasto manipulovan\u00e9 a upravovan\u00e9, ov\u0161em zp\u016fsobem, kter\u00fd dekonstruuje my\u0161lenku \u201ephotoshopovan\u00e9ho obrazu\u201c, ban\u00e1ln\u00edho a v\u00a0dne\u0161n\u00ed dob\u011b tolik zprofanovan\u00e9ho. P\u0159i sledov\u00e1n\u00ed jeho fotografi\u00ed mus\u00edme pe\u010dliv\u011b pozorovat ka\u017ed\u00fd obraz a hledat chybu, kter\u00e1 n\u00e1s zavede zp\u011bt na hranici mezi p\u0159irozenost\u00ed a um\u011blost\u00ed. Rozhran\u00ed toho co je p\u0159irozen\u00e9 a um\u011bl\u00e9. P\u0159esto v\u011b\u0159\u00edm, \u017ee to, co n\u00e1s fascinuje na t\u011bchto dvou pojmech je na\u0161e ch\u00e1p\u00e1n\u00ed kultury (toho, co je neprav\u00e9, napodobenina) jako n\u011b\u010deho, co se pokou\u0161\u00ed znehybnit p\u0159\u00edrodu. Zachytit jej\u00ed momenty a zmrazit je, abychom mohli fale\u0161n\u011b tvarovat a p\u0159etv\u00e1\u0159et na\u0161i osobitost.<\/p>\n<p>Kur\u00e1tor: Piotr Sikora<\/p>\n<p><b>Dror Daum<\/b> (nar. 1970 v Jaff\u011b) p\u016fsob\u00ed v Tel Avivu. Samostatn\u011b vystavoval nap\u0159\u00edklad v Noga Gallery of Contemporary Art v Tel Avivu; Herzliya Museum of Contemporary Art; a Alon Segev Gallery v Tel Avivu. Jeho pr\u00e1ce jsou zastoupeny i na spole\u010dn\u00fdch v\u00fdstav\u00e1ch, nap\u0159.: Art TLV, 2nd Tel-Aviv Biennale of Contemporary Art v Tel-Avivu; Kuandu Museum of Fine Art, Taipei a the Israel Museum v Jeruzal\u00e9m\u011b. Daum z\u00edskal ocen\u011bn\u00ed izraelsk\u00e9ho Ministerstva kultury z\u00a0roku 2014 a 2005 a magistersk\u00e9ho programu na Bezelalov\u011b Akademii z\u00a0roku 2008.<\/p>\n<p>Ve sv\u00e9 tvorb\u011b se Dror Daum pokou\u0161\u00ed ilustrovat modern\u00ed \u017eivot ve st\u00ednu konstantn\u00ed \u00fazkosti. M\u00edsto toho, aby pracoval s fotografi\u00ed na z\u00e1klad\u011b jej\u00ed historick\u00e9 funkce, programov\u011b se sna\u017e\u00ed vyhnout konven\u010dn\u00edm proces\u016fm t\u00edm, \u017ee pohl\u00ed\u017e\u00ed na fotografii jako na alternativn\u00ed p\u0159edstavu, jako na objekt v r\u00e1mci sv\u011bta a p\u0159itom m\u011bn\u00ed vztahy mezi fotografi\u00ed a prostorem.<\/p>\n<p><b>Piotr Sikora <\/b>(nar. 1986 v Krakov\u011b) \u2013 vystudoval D\u011bjiny um\u011bn\u00ed na Jagelonsk\u00e9 univerzit\u011b v\u00a0Krakov\u011b. Kritik a autor text\u016f pro katalogy. \u010clenem polsk\u00e9 sekce AICA. Od roku 2013 do roku 2015 byl kur\u00e1torem sekce ShowOFF na festivalu Photomonth v\u00a0Krakov\u011b. Z\u00edskal stipendium Ministerstva kultury a n\u00e1rodn\u00edho d\u011bdictv\u00ed. V\u00e1\u0161niv\u00fd hr\u00e1\u010d cyklo pola. \u017dije a pracuje mezi Prahou a Krakovem.<\/p>\n<p><a href=\"http:\/\/fotografestival.cz\/2016\/event\/scared-to-live\" target=\"_blank\" data-saferedirecturl=\"https:\/\/www.google.com\/url?hl=cs&amp;q=http:\/\/fotografestival.cz\/2016\/event\/scared-to-live&amp;source=gmail&amp;ust=1475745406730000&amp;usg=AFQjCNH6czcFdfrq0drbzLC6eG6aphd-ag\">http:\/\/fotografestival.cz\/<wbr \/>2016\/event\/scared-to-live<\/a><\/p>\n<p><a href=\"http:\/\/etcgalerie.cz\/wp-content\/uploads\/2016\/10\/FOTOGRAF-festival-CMYK_RETOUCH1.jpg\"><img decoding=\"async\" class=\"alignnone\" src=\"http:\/\/etcgalerie.cz\/wp-content\/uploads\/2016\/10\/FOTOGRAF-festival-CMYK_RETOUCH1.jpg\" alt=\"fotograf-festival-cmyk_retouch\" \/><\/a> <a href=\"http:\/\/etcgalerie.cz\/wp-content\/uploads\/2016\/10\/israel_logo_blue-n-white2.png\"><img decoding=\"async\" class=\"alignnone\" src=\"http:\/\/etcgalerie.cz\/wp-content\/uploads\/2016\/10\/israel_logo_blue-n-white2.png\" alt=\"israel_logo_blue-n-white\" \/><\/a>\u00a0<a href=\"http:\/\/etcgalerie.cz\/wp-content\/uploads\/2016\/10\/logo-SFK1.jpg\"><img decoding=\"async\" class=\"alignnone\" src=\"http:\/\/etcgalerie.cz\/wp-content\/uploads\/2016\/10\/logo-SFK1.jpg\" alt=\"logo-sfk\" \/><\/a><\/figure>\n<p>&nbsp;<\/p>","protected":false},"excerpt":{"rendered":"<p>Filozofov\u00e1n\u00ed je p\u0159\u00edpravou na smrt\u00a0 \u0158\u00edk\u00e1 se, \u017ee abychom pochopili, co to znamen\u00e1 b\u00fdt autentickou lidskou bytost\u00ed, mus\u00edme se sm\u00ed\u0159it se skute\u010dnost\u00ed, \u017ee jednoho dne zem\u0159eme. Toto neust\u00e1l\u00e9 prom\u00edt\u00e1n\u00ed na\u0161ich \u017eivot\u016f na horizont smrti naz\u00fdv\u00e1 Martin Heidegger \u201ebyt\u00edm k\u00a0smrti\u201c. Sou\u010dasn\u00e1 spole\u010dnost zcela nepokryt\u011b t\u00e9ma smrti nep\u0159ij\u00edm\u00e1. Politika strachu a jej\u00ed vrcholn\u00fd argument \u2013 smrt \u2013 [&hellip;]<\/p>\n","protected":false},"author":4,"featured_media":0,"comment_status":"open","ping_status":"open","sticky":false,"template":"","format":"standard","meta":{"footnotes":""},"categories":[1],"tags":[],"class_list":["post-2234","post","type-post","status-publish","format-standard","hentry","category-archive"],"_links":{"self":[{"href":"https:\/\/etcgalerie.cz\/cs\/wp-json\/wp\/v2\/posts\/2234","targetHints":{"allow":["GET"]}}],"collection":[{"href":"https:\/\/etcgalerie.cz\/cs\/wp-json\/wp\/v2\/posts"}],"about":[{"href":"https:\/\/etcgalerie.cz\/cs\/wp-json\/wp\/v2\/types\/post"}],"author":[{"embeddable":true,"href":"https:\/\/etcgalerie.cz\/cs\/wp-json\/wp\/v2\/users\/4"}],"replies":[{"embeddable":true,"href":"https:\/\/etcgalerie.cz\/cs\/wp-json\/wp\/v2\/comments?post=2234"}],"version-history":[{"count":10,"href":"https:\/\/etcgalerie.cz\/cs\/wp-json\/wp\/v2\/posts\/2234\/revisions"}],"predecessor-version":[{"id":2294,"href":"https:\/\/etcgalerie.cz\/cs\/wp-json\/wp\/v2\/posts\/2234\/revisions\/2294"}],"wp:attachment":[{"href":"https:\/\/etcgalerie.cz\/cs\/wp-json\/wp\/v2\/media?parent=2234"}],"wp:term":[{"taxonomy":"category","embeddable":true,"href":"https:\/\/etcgalerie.cz\/cs\/wp-json\/wp\/v2\/categories?post=2234"},{"taxonomy":"post_tag","embeddable":true,"href":"https:\/\/etcgalerie.cz\/cs\/wp-json\/wp\/v2\/tags?post=2234"}],"curies":[{"name":"wp","href":"https:\/\/api.w.org\/{rel}","templated":true}]}}