{"id":2169,"date":"2016-04-15T05:15:20","date_gmt":"2016-04-15T05:15:20","guid":{"rendered":"http:\/\/etcgalerie.cz\/?p=2169"},"modified":"2016-05-09T22:01:18","modified_gmt":"2016-05-09T22:01:18","slug":"tomas-kofron-3-zpevy","status":"publish","type":"post","link":"https:\/\/etcgalerie.cz\/cs\/tomas-kofron-3-zpevy\/","title":{"rendered":"Tom\u00e1\u0161 Kofro\u0148 \/ 3 Zp\u011bvy"},"content":{"rendered":"<p><ul class=\"bxslider\" ><li><div class='slide-wrapper'>\n<img src='https:\/\/etcgalerie.cz\/wp-content\/uploads\/2016\/04\/MG_9556-copy.jpg' data-interchange=\" [https:\/\/etcgalerie.cz\/wp-content\/uploads\/2016\/04\/MG_9556-copy-450x300.jpg, (default)], [https:\/\/etcgalerie.cz\/wp-content\/uploads\/2016\/04\/MG_9556-copy.jpg, (large)] \"  \/>\n<\/div><\/li>\n<li><div class='slide-wrapper'>\n<img src='https:\/\/etcgalerie.cz\/wp-content\/uploads\/2016\/04\/MG_9558-copy.jpg' data-interchange=\" [https:\/\/etcgalerie.cz\/wp-content\/uploads\/2016\/04\/MG_9558-copy-450x300.jpg, (default)], [https:\/\/etcgalerie.cz\/wp-content\/uploads\/2016\/04\/MG_9558-copy.jpg, (large)] \"  \/>\n<\/div><\/li>\n<li><div class='slide-wrapper'>\n<img src='https:\/\/etcgalerie.cz\/wp-content\/uploads\/2016\/04\/MG_9559-copy.jpg' data-interchange=\" [https:\/\/etcgalerie.cz\/wp-content\/uploads\/2016\/04\/MG_9559-copy-440x300.jpg, (default)], [https:\/\/etcgalerie.cz\/wp-content\/uploads\/2016\/04\/MG_9559-copy.jpg, (large)] \"  \/>\n<\/div><\/li>\n<li><div class='slide-wrapper'>\n<img src='https:\/\/etcgalerie.cz\/wp-content\/uploads\/2016\/04\/MG_9560-copy.jpg' data-interchange=\" [https:\/\/etcgalerie.cz\/wp-content\/uploads\/2016\/04\/MG_9560-copy-440x300.jpg, (default)], [https:\/\/etcgalerie.cz\/wp-content\/uploads\/2016\/04\/MG_9560-copy.jpg, (large)] \"  \/>\n<\/div><\/li>\n<li><div class='slide-wrapper'>\n<img src='https:\/\/etcgalerie.cz\/wp-content\/uploads\/2016\/04\/MG_9562-copy.jpg' data-interchange=\" [https:\/\/etcgalerie.cz\/wp-content\/uploads\/2016\/04\/MG_9562-copy-450x300.jpg, (default)], [https:\/\/etcgalerie.cz\/wp-content\/uploads\/2016\/04\/MG_9562-copy.jpg, (large)] \"  \/>\n<\/div><\/li>\n<li><div class='slide-wrapper'>\n<img src='https:\/\/etcgalerie.cz\/wp-content\/uploads\/2016\/04\/MG_9564-copy.jpg' data-interchange=\" [https:\/\/etcgalerie.cz\/wp-content\/uploads\/2016\/04\/MG_9564-copy-440x300.jpg, (default)], [https:\/\/etcgalerie.cz\/wp-content\/uploads\/2016\/04\/MG_9564-copy.jpg, (large)] \"  \/>\n<\/div><\/li>\n<li><div class='slide-wrapper'>\n<img src='https:\/\/etcgalerie.cz\/wp-content\/uploads\/2016\/04\/MG_9566-copy.jpg' data-interchange=\" [https:\/\/etcgalerie.cz\/wp-content\/uploads\/2016\/04\/MG_9566-copy-440x300.jpg, (default)], [https:\/\/etcgalerie.cz\/wp-content\/uploads\/2016\/04\/MG_9566-copy.jpg, (large)] \"  \/>\n<\/div><\/li>\n<li><div class='slide-wrapper'>\n<img src='https:\/\/etcgalerie.cz\/wp-content\/uploads\/2016\/04\/MG_9576-copy.jpg' data-interchange=\" [https:\/\/etcgalerie.cz\/wp-content\/uploads\/2016\/04\/MG_9576-copy-450x300.jpg, (default)], [https:\/\/etcgalerie.cz\/wp-content\/uploads\/2016\/04\/MG_9576-copy.jpg, (large)] \"  \/>\n<\/div><\/li>\n<li><div class='slide-wrapper'>\n<img src='https:\/\/etcgalerie.cz\/wp-content\/uploads\/2016\/04\/MG_9579-copy.jpg' data-interchange=\" [https:\/\/etcgalerie.cz\/wp-content\/uploads\/2016\/04\/MG_9579-copy-450x300.jpg, (default)], [https:\/\/etcgalerie.cz\/wp-content\/uploads\/2016\/04\/MG_9579-copy.jpg, (large)] \"  \/>\n<\/div><\/li>\n<li><div class='slide-wrapper'>\n<img src='https:\/\/etcgalerie.cz\/wp-content\/uploads\/2016\/04\/MG_9588-copy.jpg' data-interchange=\" [https:\/\/etcgalerie.cz\/wp-content\/uploads\/2016\/04\/MG_9588-copy-450x300.jpg, (default)], [https:\/\/etcgalerie.cz\/wp-content\/uploads\/2016\/04\/MG_9588-copy.jpg, (large)] \"  \/>\n<\/div><\/li>\n<\/ul>\n<\/p>\n<p>Zp\u011bv a malovan\u00fd obraz spolu navenek nesouvisej\u00ed. Na druhou stranu je tomu s\u00a0vizu\u00e1ln\u00ed skute\u010dnost\u00ed a jej\u00edm \u201ep\u0159ednesem\u201c tak jako se zp\u011bvem liter\u00e1rn\u00edm nebo b\u00e1snick\u00fdm. Podstata tkv\u00ed v\u00a0mo\u017enostech jazyka, a nakonec ve fonetick\u00fdch kvalit\u00e1ch hlasu, kter\u00fd zp\u011bvy pron\u00e1\u0161\u00ed. A\u010dkoliv v\u00a0malb\u011b se jak\u00e9koliv uva\u017eov\u00e1n\u00ed nad zvukem m\u011bn\u00ed v\u00a0interpreta\u010dn\u00ed metaforu, v\u00fd\u0159e\u010dnost a v\u00fdmluvnost m\u00edvaj\u00ed ve statick\u00e9m obraze logickou pozici. A\u0165 u\u017e se jedn\u00e1 o \u0159e\u010d vztah\u016f mezi jeho vn\u011bj\u0161\u00edmi znaky anebo o \u201epop\u011bvek\u201c autorova-div\u00e1kova v\u00fdkladu d\u00edla.<\/p>\n<p>Tom\u00e1\u0161 Kofro\u0148 je flamboyantn\u00ed mal\u00ed\u0159, kter\u00fd reflektuje p\u0159ebytky vizu\u00e1ln\u00edho a objektov\u00e9ho sv\u011bta. Recykluje symboly pop-kultury, pozoruje mechanick\u00e1 gesta v\u00fdroby obraz\u016f, kombinuje protiklady a p\u0159edev\u0161\u00edm po sob\u011b zanech\u00e1v\u00e1 v\u0161echny stopy; neukl\u00edz\u00ed a nerovn\u00e1. Pokud materializuje, je tomu tak p\u0159edev\u0161\u00edm proto, \u017ee oponuje jin\u00fdm mat\u00e9ri\u00edm. Pokud estetizuje, je to sp\u00ed\u0161 k necti estetizace. Jestli\u017ee p\u0159ej\u00edm\u00e1, \u010din\u00ed to z \u010dir\u00e9 zaujatosti.<\/p>\n<p>V\u00fdstavu \u201e3 Zp\u011bvy\u201c poj\u00edm\u00e1 \u0159adou obraz\u016f s\u00a0r\u016fzn\u00fdm t\u011b\u017ei\u0161t\u011bm. Ka\u017ed\u00fd z\u00a0nich m\u00e1 odli\u0161n\u00e9 d\u011bjstv\u00ed i p\u016fvod. Jednou je to mix\u00e1\u017en\u00ed plo\u0161ina vizu\u00e1ln\u00ed zku\u0161enosti, zapojen\u00ed podp\u016frn\u00fdch i podr\u00fdvaj\u00edc\u00edch element\u016f (fragmenty na reklamn\u00ed placht\u011b), podruh\u00e9 antip\u00f3l vlastnost\u00ed pou\u017eit\u00fdch forem (igelitov\u00e1 folie vs. masky), pot\u0159et\u00ed v\u011bdom\u00fd flirt s osvojen\u00fdm efektem, s \u201emanu\u00e1ln\u00ed distribuc\u00ed vesm\u00edru\u201c (planeta s\u00a0prstencem). Mal\u00ed\u0159 Tom\u00e1\u0161 Kofro\u0148 zcizuje n\u00e1hodu, pokou\u0161\u00ed z\u00e1m\u011brnost a snad vyty\u010duje opa\u010dn\u00fd sm\u011br mo\u017en\u00fdch o\u010dek\u00e1v\u00e1n\u00ed.<\/p>\n<p>Kur\u00e1tor: Radim Langer<\/p>","protected":false},"excerpt":{"rendered":"<p>Zp\u011bv a malovan\u00fd obraz spolu navenek nesouvisej\u00ed. Na druhou stranu je tomu s\u00a0vizu\u00e1ln\u00ed skute\u010dnost\u00ed a jej\u00edm \u201ep\u0159ednesem\u201c tak jako se zp\u011bvem liter\u00e1rn\u00edm nebo b\u00e1snick\u00fdm. Podstata tkv\u00ed v\u00a0mo\u017enostech jazyka, a nakonec ve fonetick\u00fdch kvalit\u00e1ch hlasu, kter\u00fd zp\u011bvy pron\u00e1\u0161\u00ed. A\u010dkoliv v\u00a0malb\u011b se jak\u00e9koliv uva\u017eov\u00e1n\u00ed nad zvukem m\u011bn\u00ed v\u00a0interpreta\u010dn\u00ed metaforu, v\u00fd\u0159e\u010dnost a v\u00fdmluvnost m\u00edvaj\u00ed ve statick\u00e9m obraze logickou [&hellip;]<\/p>\n","protected":false},"author":4,"featured_media":0,"comment_status":"open","ping_status":"open","sticky":false,"template":"","format":"standard","meta":{"footnotes":""},"categories":[1],"tags":[],"class_list":["post-2169","post","type-post","status-publish","format-standard","hentry","category-archive"],"_links":{"self":[{"href":"https:\/\/etcgalerie.cz\/cs\/wp-json\/wp\/v2\/posts\/2169","targetHints":{"allow":["GET"]}}],"collection":[{"href":"https:\/\/etcgalerie.cz\/cs\/wp-json\/wp\/v2\/posts"}],"about":[{"href":"https:\/\/etcgalerie.cz\/cs\/wp-json\/wp\/v2\/types\/post"}],"author":[{"embeddable":true,"href":"https:\/\/etcgalerie.cz\/cs\/wp-json\/wp\/v2\/users\/4"}],"replies":[{"embeddable":true,"href":"https:\/\/etcgalerie.cz\/cs\/wp-json\/wp\/v2\/comments?post=2169"}],"version-history":[{"count":4,"href":"https:\/\/etcgalerie.cz\/cs\/wp-json\/wp\/v2\/posts\/2169\/revisions"}],"predecessor-version":[{"id":2172,"href":"https:\/\/etcgalerie.cz\/cs\/wp-json\/wp\/v2\/posts\/2169\/revisions\/2172"}],"wp:attachment":[{"href":"https:\/\/etcgalerie.cz\/cs\/wp-json\/wp\/v2\/media?parent=2169"}],"wp:term":[{"taxonomy":"category","embeddable":true,"href":"https:\/\/etcgalerie.cz\/cs\/wp-json\/wp\/v2\/categories?post=2169"},{"taxonomy":"post_tag","embeddable":true,"href":"https:\/\/etcgalerie.cz\/cs\/wp-json\/wp\/v2\/tags?post=2169"}],"curies":[{"name":"wp","href":"https:\/\/api.w.org\/{rel}","templated":true}]}}