{"id":1922,"date":"2015-03-04T18:57:14","date_gmt":"2015-03-04T18:57:14","guid":{"rendered":"http:\/\/etcgalerie.cz\/?p=1922"},"modified":"2015-08-07T22:44:41","modified_gmt":"2015-08-07T22:44:41","slug":"close-up","status":"publish","type":"post","link":"https:\/\/etcgalerie.cz\/cs\/close-up\/","title":{"rendered":"Close Up"},"content":{"rendered":"<p><ul class=\"bxslider\" ><li><div class='slide-wrapper'>\n<img src='https:\/\/etcgalerie.cz\/wp-content\/uploads\/2015\/03\/pozvanka_close_up-943x667.jpg' data-interchange=\" [https:\/\/etcgalerie.cz\/wp-content\/uploads\/2015\/03\/pozvanka_close_up-450x300.jpg, (default)], [https:\/\/etcgalerie.cz\/wp-content\/uploads\/2015\/03\/pozvanka_close_up-943x667.jpg, (large)] \"  \/>\n<\/div><\/li>\n<li><div class='slide-wrapper'>\n<img src='https:\/\/etcgalerie.cz\/wp-content\/uploads\/2015\/03\/net_MG_0001-1000x667.jpg' data-interchange=\" [https:\/\/etcgalerie.cz\/wp-content\/uploads\/2015\/03\/net_MG_0001-450x300.jpg, (default)], [https:\/\/etcgalerie.cz\/wp-content\/uploads\/2015\/03\/net_MG_0001-1000x667.jpg, (large)] \"  \/>\n<\/div><\/li>\n<li><div class='slide-wrapper'>\n<img src='https:\/\/etcgalerie.cz\/wp-content\/uploads\/2015\/03\/net_MG_0011-444x667.jpg' data-interchange=\" [https:\/\/etcgalerie.cz\/wp-content\/uploads\/2015\/03\/net_MG_0011-450x300.jpg, (default)], [https:\/\/etcgalerie.cz\/wp-content\/uploads\/2015\/03\/net_MG_0011-444x667.jpg, (large)] \"  \/>\n<\/div><\/li>\n<li><div class='slide-wrapper'>\n<img src='https:\/\/etcgalerie.cz\/wp-content\/uploads\/2015\/03\/net_MG_0017-444x667.jpg' data-interchange=\" [https:\/\/etcgalerie.cz\/wp-content\/uploads\/2015\/03\/net_MG_0017-450x300.jpg, (default)], [https:\/\/etcgalerie.cz\/wp-content\/uploads\/2015\/03\/net_MG_0017-444x667.jpg, (large)] \"  \/>\n<\/div><\/li>\n<li><div class='slide-wrapper'>\n<img src='https:\/\/etcgalerie.cz\/wp-content\/uploads\/2015\/03\/net_MG_0028-1000x667.jpg' data-interchange=\" [https:\/\/etcgalerie.cz\/wp-content\/uploads\/2015\/03\/net_MG_0028-450x300.jpg, (default)], [https:\/\/etcgalerie.cz\/wp-content\/uploads\/2015\/03\/net_MG_0028-1000x667.jpg, (large)] \"  \/>\n<\/div><\/li>\n<li><div class='slide-wrapper'>\n<img src='https:\/\/etcgalerie.cz\/wp-content\/uploads\/2015\/03\/net_MG_0030-1000x667.jpg' data-interchange=\" [https:\/\/etcgalerie.cz\/wp-content\/uploads\/2015\/03\/net_MG_0030-450x300.jpg, (default)], [https:\/\/etcgalerie.cz\/wp-content\/uploads\/2015\/03\/net_MG_0030-1000x667.jpg, (large)] \"  \/>\n<\/div><\/li>\n<li><div class='slide-wrapper'>\n<img src='https:\/\/etcgalerie.cz\/wp-content\/uploads\/2015\/03\/net_MG_0032-1000x667.jpg' data-interchange=\" [https:\/\/etcgalerie.cz\/wp-content\/uploads\/2015\/03\/net_MG_0032-450x300.jpg, (default)], [https:\/\/etcgalerie.cz\/wp-content\/uploads\/2015\/03\/net_MG_0032-1000x667.jpg, (large)] \"  \/>\n<\/div><\/li>\n<li><div class='slide-wrapper'>\n<img src='https:\/\/etcgalerie.cz\/wp-content\/uploads\/2015\/03\/net_MG_0033-1000x667.jpg' data-interchange=\" [https:\/\/etcgalerie.cz\/wp-content\/uploads\/2015\/03\/net_MG_0033-450x300.jpg, (default)], [https:\/\/etcgalerie.cz\/wp-content\/uploads\/2015\/03\/net_MG_0033-1000x667.jpg, (large)] \"  \/>\n<\/div><\/li>\n<li><div class='slide-wrapper'>\n<img src='https:\/\/etcgalerie.cz\/wp-content\/uploads\/2015\/03\/net_MG_0045-444x667.jpg' data-interchange=\" [https:\/\/etcgalerie.cz\/wp-content\/uploads\/2015\/03\/net_MG_0045-450x300.jpg, (default)], [https:\/\/etcgalerie.cz\/wp-content\/uploads\/2015\/03\/net_MG_0045-444x667.jpg, (large)] \"  \/>\n<\/div><\/li>\n<li><div class='slide-wrapper'>\n<img src='https:\/\/etcgalerie.cz\/wp-content\/uploads\/2015\/03\/net_MG_0050-1000x667.jpg' data-interchange=\" [https:\/\/etcgalerie.cz\/wp-content\/uploads\/2015\/03\/net_MG_0050-450x300.jpg, (default)], [https:\/\/etcgalerie.cz\/wp-content\/uploads\/2015\/03\/net_MG_0050-1000x667.jpg, (large)] \"  \/>\n<\/div><\/li>\n<li><div class='slide-wrapper'>\n<img src='https:\/\/etcgalerie.cz\/wp-content\/uploads\/2015\/03\/net_MG_0061-1000x667.jpg' data-interchange=\" [https:\/\/etcgalerie.cz\/wp-content\/uploads\/2015\/03\/net_MG_0061-450x300.jpg, (default)], [https:\/\/etcgalerie.cz\/wp-content\/uploads\/2015\/03\/net_MG_0061-1000x667.jpg, (large)] \"  \/>\n<\/div><\/li>\n<li><div class='slide-wrapper'>\n<img src='https:\/\/etcgalerie.cz\/wp-content\/uploads\/2015\/03\/net_MG_0066-444x667.jpg' data-interchange=\" [https:\/\/etcgalerie.cz\/wp-content\/uploads\/2015\/03\/net_MG_0066-450x300.jpg, (default)], [https:\/\/etcgalerie.cz\/wp-content\/uploads\/2015\/03\/net_MG_0066-444x667.jpg, (large)] \"  \/>\n<\/div><\/li>\n<li><div class='slide-wrapper'>\n<img src='https:\/\/etcgalerie.cz\/wp-content\/uploads\/2015\/03\/net_MG_0082-444x667.jpg' data-interchange=\" [https:\/\/etcgalerie.cz\/wp-content\/uploads\/2015\/03\/net_MG_0082-450x300.jpg, (default)], [https:\/\/etcgalerie.cz\/wp-content\/uploads\/2015\/03\/net_MG_0082-444x667.jpg, (large)] \"  \/>\n<\/div><\/li>\n<\/ul>\n<\/p>\n<p>Jak m\u016f\u017ee dnes um\u011blec protestovat? Jeho spole\u010densk\u00e1 pozice, citlivost, vizu\u00e1ln\u00ed zp\u016fsob komunikace p\u0159in\u00e1\u0161\u00ed v jednom okam\u017eiku p\u0159irozenou p\u0159ipravenost reagovat a kriticky revidovat politick\u00e9 klima nebo probl\u00e9my souvisej\u00edc\u00ed s kulturou, um\u011bn\u00edm v r\u00e1mci st\u00e1vaj\u00edc\u00ed situace. V\u00fdstava Close Up v etc. galerii ukazuje n\u011bkolik mo\u017enost\u00ed protestu v kontextu sou\u010dasn\u00e9ho um\u011bn\u00ed, jejich\u017e spole\u010dn\u00fdm v\u00fdchodiskem je podobn\u00e1 historick\u00e1 zku\u0161enost. Jde o prost\u0159ed\u00ed, kter\u00e1 si pro\u0161la v devades\u00e1t\u00fdch letech transformac\u00ed po n\u011bkolika desetilet\u00edch totality. Toto obdob\u00ed bylo ur\u010duj\u00edc\u00ed pro nastaven\u00ed kulturn\u00edch a spole\u010densk\u00fdch norem, jejich\u017e d\u016fsledky se prom\u00edtaj\u00ed ve v\u0161ech \u00farovn\u00edch spole\u010dnosti nevyj\u00edmaje sou\u010dasn\u00fd um\u011bleck\u00fd provoz. Lok\u00e1ln\u00ed t\u00e9mata jednotliv\u00fdch p\u0159\u00edsp\u011bvk\u016f mohou b\u00fdt naz\u00edran\u00e1 \u0161\u00ed\u0159eji a reflektuj\u00ed obecn\u00fd vztah um\u011blce VS. politka, kultura, kulturn\u00ed politika, spole\u010dnost, historie, syst\u00e9m atd. Osloveni byli kur\u00e1to\u0159i z Rumunska (Florin Bobu &amp; 1+1), Slovenska (Jana Kapelov\u00e1), Ma\u010farska (Eszter Kozma a M\u00e1rton Pascika) a Srbska (Milos Miletic, Mirjana Radovanovic) a z \u010ceska (Vjera Borozan a Jirka Havl\u00ed\u010dek) kte\u0159\u00ed vybrali konkr\u00e9tn\u00ed projekty, z nich\u017e ka\u017ed\u00fd vyu\u017e\u00edv\u00e1 odli\u0161n\u00fd vizu\u00e1ln\u00ed jazyk: instalaci tvo\u0159\u00ed klasick\u00e9 m\u00e9dium novin, kol\u00e1\u017ee, spu\u0161t\u011bn\u00e1 webov\u00e1 str\u00e1nka na tabletu, fotodokumentace protestn\u00edch akc\u00ed, rozhovor zaznamenan\u00fd v ti\u0161t\u011bn\u00e9m let\u00e1ku, autentick\u00fd artefakt symbolizuj\u00edc\u00ed prob\u011bhnuv\u0161\u00ed protestn\u00ed akce. V\u00fdstava navazuje sv\u00fdm zam\u011b\u0159en\u00edm na ned\u00e1vno vydan\u00fd sborn\u00edk p\u0159\u00edsp\u011bvk\u016f sborn\u00edku Close-Up &#8211; Post-Transitional Writings a je tak\u00e9 z\u00e1v\u011bre\u010dn\u00fdm v\u00fdstupem projektu Close-Up, kter\u00fd inicioval Arty\u010dok TV a na jeho\u017e realizaci se pod\u00edlely Akademie v\u00fdtvarn\u00fdch um\u011bn\u00ed v Praze, Udru\u017enje\u00a0KURS, REMONT, Tranzit.ro, Lumen, ARTTODAY. Paraleln\u011b bude zah\u00e1jena projekce kritck\u00fdch vide\u00ed vytvo\u0159en\u00fdch v r\u00e1mci projektu Close-Up v bratislavsk\u00e9m prostoru A4.<\/p>\n<p>Kur\u00e1torka: Mark\u00e9ta Vinglerov\u00e1<\/p>","protected":false},"excerpt":{"rendered":"<p>Jak m\u016f\u017ee dnes um\u011blec protestovat? Jeho spole\u010densk\u00e1 pozice, citlivost, vizu\u00e1ln\u00ed zp\u016fsob komunikace p\u0159in\u00e1\u0161\u00ed v jednom okam\u017eiku p\u0159irozenou p\u0159ipravenost reagovat a kriticky revidovat politick\u00e9 klima nebo probl\u00e9my souvisej\u00edc\u00ed s kulturou, um\u011bn\u00edm v r\u00e1mci st\u00e1vaj\u00edc\u00ed situace. V\u00fdstava Close Up v etc. galerii ukazuje n\u011bkolik mo\u017enost\u00ed protestu v kontextu sou\u010dasn\u00e9ho um\u011bn\u00ed, jejich\u017e spole\u010dn\u00fdm v\u00fdchodiskem je podobn\u00e1 historick\u00e1 zku\u0161enost. [&hellip;]<\/p>\n","protected":false},"author":4,"featured_media":0,"comment_status":"open","ping_status":"open","sticky":false,"template":"","format":"standard","meta":{"footnotes":""},"categories":[1],"tags":[],"class_list":["post-1922","post","type-post","status-publish","format-standard","hentry","category-archive"],"_links":{"self":[{"href":"https:\/\/etcgalerie.cz\/cs\/wp-json\/wp\/v2\/posts\/1922","targetHints":{"allow":["GET"]}}],"collection":[{"href":"https:\/\/etcgalerie.cz\/cs\/wp-json\/wp\/v2\/posts"}],"about":[{"href":"https:\/\/etcgalerie.cz\/cs\/wp-json\/wp\/v2\/types\/post"}],"author":[{"embeddable":true,"href":"https:\/\/etcgalerie.cz\/cs\/wp-json\/wp\/v2\/users\/4"}],"replies":[{"embeddable":true,"href":"https:\/\/etcgalerie.cz\/cs\/wp-json\/wp\/v2\/comments?post=1922"}],"version-history":[{"count":9,"href":"https:\/\/etcgalerie.cz\/cs\/wp-json\/wp\/v2\/posts\/1922\/revisions"}],"predecessor-version":[{"id":1924,"href":"https:\/\/etcgalerie.cz\/cs\/wp-json\/wp\/v2\/posts\/1922\/revisions\/1924"}],"wp:attachment":[{"href":"https:\/\/etcgalerie.cz\/cs\/wp-json\/wp\/v2\/media?parent=1922"}],"wp:term":[{"taxonomy":"category","embeddable":true,"href":"https:\/\/etcgalerie.cz\/cs\/wp-json\/wp\/v2\/categories?post=1922"},{"taxonomy":"post_tag","embeddable":true,"href":"https:\/\/etcgalerie.cz\/cs\/wp-json\/wp\/v2\/tags?post=1922"}],"curies":[{"name":"wp","href":"https:\/\/api.w.org\/{rel}","templated":true}]}}